{"id":78320,"date":"2018-03-09T14:45:00","date_gmt":"2018-03-09T12:45:00","guid":{"rendered":"https:\/\/www.sana.sy\/es\/?p=78320"},"modified":"2018-03-09T14:47:45","modified_gmt":"2018-03-09T12:47:45","slug":"en-fotos-miles-de-ciudadanos-guta-oriental-se-reunen-en-apoyo-al-ejercito-arabe-sirio","status":"publish","type":"post","link":"https:\/\/archive.sana.sy\/es\/?p=78320","title":{"rendered":"En fotos, Miles de ciudadanos de Guta Oriental se re\u00fanen en apoyo al Ej\u00e9rcito \u00c1rabe Sirio"},"content":{"rendered":"<p><span style=\"color: #800000\">Rif Dimashq, SANA<\/span>&#8211; Miles de lugare\u00f1os de localidades de la Guta Oriental se congregan en el poblado de Ghazalaniya en apoyo al Ej\u00e9rcito \u00c1rabe Sirio para restaurar la seguridad en la Guta, y exigir a los terroristas que permitan la salida de los civiles.<\/p>\n<p>&nbsp;<\/p>\n<p><a href=\"https:\/\/www.sana.sy\/es\/?attachment_id=78322\" rel=\"attachment wp-att-78322\"><img loading=\"lazy\" decoding=\"async\" class=\"alignnone size-medium wp-image-78322\" src=\"https:\/\/www.sana.sy\/es\/wp-content\/uploads\/2018\/03\/2-5-300x194.jpg\" alt=\"\" width=\"300\" height=\"194\" srcset=\"https:\/\/archive.sana.sy\/es\/wp-content\/uploads\/2018\/03\/2-5-300x194.jpg 300w, https:\/\/archive.sana.sy\/es\/wp-content\/uploads\/2018\/03\/2-5-150x97.jpg 150w, https:\/\/archive.sana.sy\/es\/wp-content\/uploads\/2018\/03\/2-5-768x498.jpg 768w, https:\/\/archive.sana.sy\/es\/wp-content\/uploads\/2018\/03\/2-5.jpg 890w\" sizes=\"(max-width: 300px) 100vw, 300px\" \/><\/a><\/p>\n<p>&nbsp;<\/p>\n<p><a href=\"https:\/\/www.sana.sy\/es\/?attachment_id=78323\" rel=\"attachment wp-att-78323\"><img loading=\"lazy\" decoding=\"async\" class=\"alignnone size-medium wp-image-78323\" src=\"https:\/\/www.sana.sy\/es\/wp-content\/uploads\/2018\/03\/3-5-300x181.jpg\" alt=\"\" width=\"300\" height=\"181\" srcset=\"https:\/\/archive.sana.sy\/es\/wp-content\/uploads\/2018\/03\/3-5-300x181.jpg 300w, https:\/\/archive.sana.sy\/es\/wp-content\/uploads\/2018\/03\/3-5-150x91.jpg 150w, https:\/\/archive.sana.sy\/es\/wp-content\/uploads\/2018\/03\/3-5-768x464.jpg 768w, https:\/\/archive.sana.sy\/es\/wp-content\/uploads\/2018\/03\/3-5.jpg 1024w\" sizes=\"(max-width: 300px) 100vw, 300px\" \/><\/a><\/p>\n<p>&nbsp;<\/p>\n<p><a href=\"https:\/\/www.sana.sy\/es\/?attachment_id=78324\" rel=\"attachment wp-att-78324\"><img loading=\"lazy\" decoding=\"async\" class=\"alignnone size-medium wp-image-78324\" src=\"https:\/\/www.sana.sy\/es\/wp-content\/uploads\/2018\/03\/4-3-300x184.jpg\" alt=\"\" width=\"300\" height=\"184\" srcset=\"https:\/\/archive.sana.sy\/es\/wp-content\/uploads\/2018\/03\/4-3-300x184.jpg 300w, https:\/\/archive.sana.sy\/es\/wp-content\/uploads\/2018\/03\/4-3-150x92.jpg 150w, https:\/\/archive.sana.sy\/es\/wp-content\/uploads\/2018\/03\/4-3-768x471.jpg 768w, https:\/\/archive.sana.sy\/es\/wp-content\/uploads\/2018\/03\/4-3.jpg 1024w\" sizes=\"(max-width: 300px) 100vw, 300px\" \/><\/a><\/p>\n<p>&nbsp;<\/p>\n<p><a href=\"https:\/\/www.sana.sy\/es\/?attachment_id=78325\" rel=\"attachment wp-att-78325\"><img loading=\"lazy\" decoding=\"async\" class=\"alignnone size-medium wp-image-78325\" src=\"https:\/\/www.sana.sy\/es\/wp-content\/uploads\/2018\/03\/5-4-300x196.jpg\" alt=\"\" width=\"300\" height=\"196\" srcset=\"https:\/\/archive.sana.sy\/es\/wp-content\/uploads\/2018\/03\/5-4-300x196.jpg 300w, https:\/\/archive.sana.sy\/es\/wp-content\/uploads\/2018\/03\/5-4-150x98.jpg 150w, https:\/\/archive.sana.sy\/es\/wp-content\/uploads\/2018\/03\/5-4-768x501.jpg 768w, https:\/\/archive.sana.sy\/es\/wp-content\/uploads\/2018\/03\/5-4.jpg 916w\" sizes=\"(max-width: 300px) 100vw, 300px\" \/><\/a><\/p>\n<p>&nbsp;<\/p>\n<p><a href=\"https:\/\/www.sana.sy\/es\/?attachment_id=78326\" rel=\"attachment wp-att-78326\"><img loading=\"lazy\" decoding=\"async\" class=\"alignnone size-medium wp-image-78326\" src=\"https:\/\/www.sana.sy\/es\/wp-content\/uploads\/2018\/03\/6-4-300x190.jpg\" alt=\"\" width=\"300\" height=\"190\" srcset=\"https:\/\/archive.sana.sy\/es\/wp-content\/uploads\/2018\/03\/6-4-300x190.jpg 300w, https:\/\/archive.sana.sy\/es\/wp-content\/uploads\/2018\/03\/6-4-150x95.jpg 150w, https:\/\/archive.sana.sy\/es\/wp-content\/uploads\/2018\/03\/6-4-768x485.jpg 768w, https:\/\/archive.sana.sy\/es\/wp-content\/uploads\/2018\/03\/6-4.jpg 1024w\" sizes=\"(max-width: 300px) 100vw, 300px\" \/><\/a><\/p>\n<p>&nbsp;<\/p>\n<p><a href=\"https:\/\/www.sana.sy\/es\/?attachment_id=78327\" rel=\"attachment wp-att-78327\"><img loading=\"lazy\" decoding=\"async\" class=\"alignnone size-medium wp-image-78327\" src=\"https:\/\/www.sana.sy\/es\/wp-content\/uploads\/2018\/03\/7-3-300x190.jpg\" alt=\"\" width=\"300\" height=\"190\" srcset=\"https:\/\/archive.sana.sy\/es\/wp-content\/uploads\/2018\/03\/7-3-300x190.jpg 300w, https:\/\/archive.sana.sy\/es\/wp-content\/uploads\/2018\/03\/7-3-150x95.jpg 150w, https:\/\/archive.sana.sy\/es\/wp-content\/uploads\/2018\/03\/7-3-768x486.jpg 768w, https:\/\/archive.sana.sy\/es\/wp-content\/uploads\/2018\/03\/7-3.jpg 1006w\" sizes=\"(max-width: 300px) 100vw, 300px\" \/><\/a><\/p>\n<p>&nbsp;<\/p>\n<p><a href=\"https:\/\/www.sana.sy\/es\/?attachment_id=78328\" rel=\"attachment wp-att-78328\"><img loading=\"lazy\" decoding=\"async\" class=\"alignnone size-medium wp-image-78328\" src=\"https:\/\/www.sana.sy\/es\/wp-content\/uploads\/2018\/03\/8-3-300x186.jpg\" alt=\"\" width=\"300\" height=\"186\" srcset=\"https:\/\/archive.sana.sy\/es\/wp-content\/uploads\/2018\/03\/8-3-300x186.jpg 300w, https:\/\/archive.sana.sy\/es\/wp-content\/uploads\/2018\/03\/8-3-150x93.jpg 150w, https:\/\/archive.sana.sy\/es\/wp-content\/uploads\/2018\/03\/8-3-768x477.jpg 768w, https:\/\/archive.sana.sy\/es\/wp-content\/uploads\/2018\/03\/8-3.jpg 854w\" sizes=\"(max-width: 300px) 100vw, 300px\" \/><\/a><\/p>\n<p>&nbsp;<\/p>\n<p>M\/Miri<\/p>\n<p>&nbsp;<\/p>\n","protected":false},"excerpt":{"rendered":"<p>Rif Dimashq, SANA&#8211; Miles de lugare\u00f1os de localidades de la Guta Oriental se congregan en el poblado de Ghazalaniya en apoyo al Ej\u00e9rcito \u00c1rabe Sirio para restaurar la seguridad en la Guta, y exigir a los terroristas que permitan la salida de los civiles. &nbsp; &nbsp; &nbsp; &nbsp; &nbsp; &nbsp; &nbsp; &nbsp; M\/Miri &nbsp;<\/p>\n","protected":false},"author":1,"featured_media":78321,"comment_status":"closed","ping_status":"closed","sticky":false,"template":"","format":"standard","meta":{"footnotes":""},"categories":[597,625,623,571,583],"tags":[],"class_list":["post-78320","post","type-post","status-publish","format-standard","has-post-thumbnail","","category-cinta-de-noticias","category-fotos-fotos-sana","category-fotos-sana","category-siria-en-fotos","category-slide"],"_links":{"self":[{"href":"https:\/\/archive.sana.sy\/es\/index.php?rest_route=\/wp\/v2\/posts\/78320"}],"collection":[{"href":"https:\/\/archive.sana.sy\/es\/index.php?rest_route=\/wp\/v2\/posts"}],"about":[{"href":"https:\/\/archive.sana.sy\/es\/index.php?rest_route=\/wp\/v2\/types\/post"}],"author":[{"embeddable":true,"href":"https:\/\/archive.sana.sy\/es\/index.php?rest_route=\/wp\/v2\/users\/1"}],"replies":[{"embeddable":true,"href":"https:\/\/archive.sana.sy\/es\/index.php?rest_route=%2Fwp%2Fv2%2Fcomments&post=78320"}],"version-history":[{"count":0,"href":"https:\/\/archive.sana.sy\/es\/index.php?rest_route=\/wp\/v2\/posts\/78320\/revisions"}],"wp:featuredmedia":[{"embeddable":true,"href":"https:\/\/archive.sana.sy\/es\/index.php?rest_route=\/wp\/v2\/media\/78321"}],"wp:attachment":[{"href":"https:\/\/archive.sana.sy\/es\/index.php?rest_route=%2Fwp%2Fv2%2Fmedia&parent=78320"}],"wp:term":[{"taxonomy":"category","embeddable":true,"href":"https:\/\/archive.sana.sy\/es\/index.php?rest_route=%2Fwp%2Fv2%2Fcategories&post=78320"},{"taxonomy":"post_tag","embeddable":true,"href":"https:\/\/archive.sana.sy\/es\/index.php?rest_route=%2Fwp%2Fv2%2Ftags&post=78320"}],"curies":[{"name":"wp","href":"https:\/\/api.w.org\/{rel}","templated":true}]}}