{"id":78597,"date":"2018-03-14T19:56:38","date_gmt":"2018-03-14T17:56:38","guid":{"rendered":"https:\/\/www.sana.sy\/es\/?p=78597"},"modified":"2018-03-14T20:15:13","modified_gmt":"2018-03-14T18:15:13","slug":"el-regimen-turco-continua-violando-la-resolucion-2401-con-su-agresion-incesante-sobre-afrin","status":"publish","type":"post","link":"https:\/\/archive.sana.sy\/es\/?p=78597","title":{"rendered":"16 v\u00edctimas mortales y al menos 25 heridos tras continua agresi\u00f3n turca contra Afr\u00edn"},"content":{"rendered":"<p><span style=\"color: #800000\">Alepo, SANA<\/span><\/p>\n<p>El r\u00e9gimen turco y sus mercenarios han intensificado su agresi\u00f3n a la regi\u00f3n de Afrin bombardeando con diferentes tipos de armas edificios residenciales, instalaciones y terrenos agr\u00edcolas en una nueva violaci\u00f3n de la resoluci\u00f3n del Consejo de Seguridad N\u00ba. 2401 que estipula cesar las acciones de combate en Siria por 30 d\u00edas.<\/p>\n<p>Fuentes civiles informaron a SANA que el r\u00e9gimen turco y sus mercenarios bombardearon autom\u00f3viles civiles en una carretera del municipio de Mebetli, causando la muerte de 9 civiles por lo menos y varios heridos adem\u00e1s de la quema de varios coches.<\/p>\n<p>Posteriormente, la artiller\u00eda del r\u00e9gimen turco atac\u00f3 esta noche la ciudad norte\u00f1a, ocasionado siete v\u00edctimas mortales, entre ellos un ni\u00f1o, y 25 heridos.<\/p>\n<p>A todo ello, la Oficina de las Naciones Unidas para Asuntos de Coordinaci\u00f3n Humanitaria destac\u00f3 que Afr\u00edn se ha quedado sin agua desde hace una semana, resaltando que miles civiles huyeron a zonas en las cercan\u00edas de la ciudad.<\/p>\n<p>Es de se\u00f1alar que el r\u00e9gimen truco ha cortado el agua a la ciudad de Afr\u00edn despu\u00e9s de que sus fuerzas tomaran la presa de Midanki, fuente principal de agua potable en Afr\u00edn, as\u00ed como ha destruido varias plantas de bombeo de agua potable a la ciudad.<\/p>\n<p>La agresi\u00f3n del r\u00e9gimen turco que contin\u00faa por 54 d\u00edas consecutivos ha provocado m\u00e1s de 1000 muertos y heridos civiles y la destrucci\u00f3n de decenas de poblados y el desplazamiento de miles de civiles.<\/p>\n<p>&nbsp;<\/p>\n<p><span style=\"color: #0000ff\">Riad Sh.\/ Dr. A. Shaban\/ L.A.<\/span><\/p>\n","protected":false},"excerpt":{"rendered":"<p>Alepo, SANA El r\u00e9gimen turco y sus mercenarios han intensificado su agresi\u00f3n a la regi\u00f3n de Afrin bombardeando con diferentes tipos de armas edificios residenciales, instalaciones y terrenos agr\u00edcolas en una nueva violaci\u00f3n de la resoluci\u00f3n del Consejo de Seguridad N\u00ba. 2401 que estipula cesar las acciones de combate en Siria por 30 d\u00edas. Fuentes &hellip;<\/p>\n","protected":false},"author":1,"featured_media":78598,"comment_status":"closed","ping_status":"closed","sticky":false,"template":"","format":"standard","meta":{"footnotes":""},"categories":[597,573,583],"tags":[11675],"class_list":["post-78597","post","type-post","status-publish","format-standard","has-post-thumbnail","","category-cinta-de-noticias","category-la-realidad-de-los-acontecimientos-en-siria","category-slide","tag-el-regimen-turco-continua-violando-la-resolucion-2401-con-su-agresion-incesante-sobre-afrin"],"_links":{"self":[{"href":"https:\/\/archive.sana.sy\/es\/index.php?rest_route=\/wp\/v2\/posts\/78597"}],"collection":[{"href":"https:\/\/archive.sana.sy\/es\/index.php?rest_route=\/wp\/v2\/posts"}],"about":[{"href":"https:\/\/archive.sana.sy\/es\/index.php?rest_route=\/wp\/v2\/types\/post"}],"author":[{"embeddable":true,"href":"https:\/\/archive.sana.sy\/es\/index.php?rest_route=\/wp\/v2\/users\/1"}],"replies":[{"embeddable":true,"href":"https:\/\/archive.sana.sy\/es\/index.php?rest_route=%2Fwp%2Fv2%2Fcomments&post=78597"}],"version-history":[{"count":0,"href":"https:\/\/archive.sana.sy\/es\/index.php?rest_route=\/wp\/v2\/posts\/78597\/revisions"}],"wp:featuredmedia":[{"embeddable":true,"href":"https:\/\/archive.sana.sy\/es\/index.php?rest_route=\/wp\/v2\/media\/78598"}],"wp:attachment":[{"href":"https:\/\/archive.sana.sy\/es\/index.php?rest_route=%2Fwp%2Fv2%2Fmedia&parent=78597"}],"wp:term":[{"taxonomy":"category","embeddable":true,"href":"https:\/\/archive.sana.sy\/es\/index.php?rest_route=%2Fwp%2Fv2%2Fcategories&post=78597"},{"taxonomy":"post_tag","embeddable":true,"href":"https:\/\/archive.sana.sy\/es\/index.php?rest_route=%2Fwp%2Fv2%2Ftags&post=78597"}],"curies":[{"name":"wp","href":"https:\/\/api.w.org\/{rel}","templated":true}]}}