{"id":78613,"date":"2018-03-14T20:00:30","date_gmt":"2018-03-14T18:00:30","guid":{"rendered":"https:\/\/www.sana.sy\/es\/?p=78613"},"modified":"2019-09-10T12:29:08","modified_gmt":"2019-09-10T09:29:08","slug":"presidente-al-assad-recibe-al-enviado-del-primer-ministro-iraqui","status":"publish","type":"post","link":"https:\/\/archive.sana.sy\/es\/?p=78613","title":{"rendered":"Presidente al Assad recibe al enviado del primer ministro iraqu\u00ed"},"content":{"rendered":"<p><span style=\"color: #800000\">Damasco, SANA<\/span><\/p>\n<p>El presidente, Bashar al-Assad, recibi\u00f3 este mi\u00e9rcoles a Faleh Al-Fayad, enviado del primer ministro iraqu\u00ed y consejero para Asuntos de Seguridad de Irak.<\/p>\n<p>El alto funcionario iraqu\u00ed trasmiti\u00f3 al presidente al-Assad un mensaje verbal del jefe del gobierno iraqu\u00ed, Haidar al-Abadi, en el cual destac\u00f3 la necesidad de fortalecer la cooperaci\u00f3n y coordinaci\u00f3n binacional en todos los \u00e1mbitos, especialmente en materia de seguridad y pol\u00edtica, a la luz de las circunstancias cr\u00edticas que vive la regi\u00f3n en general.<\/p>\n<p>Por su parte, el presidente al-Assad asever\u00f3 que pese a los importantes logros alcanzados en materia de la guerra contra el terrorismo en Siria e Irak, EEUU, sus aliados y sus colaboracionistas no han abandonado sus planes destinados a debilitar y dividir la regi\u00f3n mediante continuar con el suministro de fondos y el encumbramiento pol\u00edtico a las organizaciones terroristas, hecho que requiere intensificar y aunar los esfuerzos de los pa\u00edses que enfrentan dichos esquemas y buscan preservar su integridad territorial y restablecer la seguridad en Oriente Medio.<\/p>\n<p>Al Fayad expres\u00f3 su confianza en que la erradicaci\u00f3n del terrorismo de Siria e Irak constituir\u00e1 la base de la restauraci\u00f3n de seguridad en toda la regi\u00f3n.<\/p>\n<p>&nbsp;<\/p>\n<p>Lynn A.<\/p>\n","protected":false},"excerpt":{"rendered":"<p>Damasco, SANA El presidente, Bashar al-Assad, recibi\u00f3 este mi\u00e9rcoles a Faleh Al-Fayad, enviado del primer ministro iraqu\u00ed y consejero para Asuntos de Seguridad de Irak. El alto funcionario iraqu\u00ed trasmiti\u00f3 al presidente al-Assad un mensaje verbal del jefe del gobierno iraqu\u00ed, Haidar al-Abadi, en el cual destac\u00f3 la necesidad de fortalecer la cooperaci\u00f3n y coordinaci\u00f3n &hellip;<\/p>\n","protected":false},"author":24,"featured_media":78614,"comment_status":"closed","ping_status":"closed","sticky":false,"template":"","format":"standard","meta":{"footnotes":""},"categories":[597,16237,583,626],"tags":[],"class_list":["post-78613","post","type-post","status-publish","format-standard","has-post-thumbnail","","category-cinta-de-noticias","category-presidence-de-la-republique-arabe-syria","category-slide","category-sr-presidente"],"_links":{"self":[{"href":"https:\/\/archive.sana.sy\/es\/index.php?rest_route=\/wp\/v2\/posts\/78613"}],"collection":[{"href":"https:\/\/archive.sana.sy\/es\/index.php?rest_route=\/wp\/v2\/posts"}],"about":[{"href":"https:\/\/archive.sana.sy\/es\/index.php?rest_route=\/wp\/v2\/types\/post"}],"author":[{"embeddable":true,"href":"https:\/\/archive.sana.sy\/es\/index.php?rest_route=\/wp\/v2\/users\/24"}],"replies":[{"embeddable":true,"href":"https:\/\/archive.sana.sy\/es\/index.php?rest_route=%2Fwp%2Fv2%2Fcomments&post=78613"}],"version-history":[{"count":0,"href":"https:\/\/archive.sana.sy\/es\/index.php?rest_route=\/wp\/v2\/posts\/78613\/revisions"}],"wp:featuredmedia":[{"embeddable":true,"href":"https:\/\/archive.sana.sy\/es\/index.php?rest_route=\/wp\/v2\/media\/78614"}],"wp:attachment":[{"href":"https:\/\/archive.sana.sy\/es\/index.php?rest_route=%2Fwp%2Fv2%2Fmedia&parent=78613"}],"wp:term":[{"taxonomy":"category","embeddable":true,"href":"https:\/\/archive.sana.sy\/es\/index.php?rest_route=%2Fwp%2Fv2%2Fcategories&post=78613"},{"taxonomy":"post_tag","embeddable":true,"href":"https:\/\/archive.sana.sy\/es\/index.php?rest_route=%2Fwp%2Fv2%2Ftags&post=78613"}],"curies":[{"name":"wp","href":"https:\/\/api.w.org\/{rel}","templated":true}]}}