{"id":78661,"date":"2018-03-15T08:38:44","date_gmt":"2018-03-15T06:38:44","guid":{"rendered":"https:\/\/www.sana.sy\/es\/?p=78661"},"modified":"2018-03-15T11:41:25","modified_gmt":"2018-03-15T09:41:25","slug":"asamblea-cubana-de-naciones-unidas-apoya-a-siria-frente-al-terrorismo","status":"publish","type":"post","link":"https:\/\/archive.sana.sy\/es\/?p=78661","title":{"rendered":"Asamblea Cubana de Naciones Unidas apoya a Siria frente al terrorismo"},"content":{"rendered":"<p><span style=\"color: #800000;\">La Habana, SANA<\/span><\/p>\n<p>El presidente de la Asamblea Cubana de Naciones Unidas, embajador Ferm\u00edn Gabriel Qui\u00f1ones S\u00e1nchez, conden\u00f3 &#8220;los cr\u00edmenes que cometen las agrupaciones terroristas contra el pueblo sirio&#8221;.<\/p>\n<p>Durante su encuentro con el embajador sirio en Cuba, Dr. Idris Maya, valor\u00f3 los sacrificios del ej\u00e9rcito \u00e1rabe sirio y la solidaridad de su pa\u00eds con Siria.<\/p>\n<p>Por su parte el Dr. Maya afirm\u00f3 que la campa\u00f1a diplom\u00e1tico-medi\u00e1tica orquestada por Washington, Londres y Par\u00eds indica claramente el &#8220;desmoronamiento de las organizaciones terroristas gracias a los logros del ej\u00e9rcito \u00e1rabe sirio&#8221;.<\/p>\n<p><span style=\"color: #0000ff;\">Riad Sh.\/ Dr. A. Shaban<\/span><\/p>\n","protected":false},"excerpt":{"rendered":"<p>La Habana, SANA El presidente de la Asamblea Cubana de Naciones Unidas, embajador Ferm\u00edn Gabriel Qui\u00f1ones S\u00e1nchez, conden\u00f3 &#8220;los cr\u00edmenes que cometen las agrupaciones terroristas contra el pueblo sirio&#8221;. Durante su encuentro con el embajador sirio en Cuba, Dr. Idris Maya, valor\u00f3 los sacrificios del ej\u00e9rcito \u00e1rabe sirio y la solidaridad de su pa\u00eds con &hellip;<\/p>\n","protected":false},"author":1,"featured_media":78662,"comment_status":"closed","ping_status":"closed","sticky":false,"template":"","format":"standard","meta":{"footnotes":""},"categories":[597,467,7541],"tags":[11683],"class_list":["post-78661","post","type-post","status-publish","format-standard","has-post-thumbnail","","category-cinta-de-noticias","category-siria-y-el-mundo","category-ultimas-noticias","tag-asamblea-cubana-de-naciones-unidas-apoya-a-siria-frente-al-terrorismo"],"_links":{"self":[{"href":"https:\/\/archive.sana.sy\/es\/index.php?rest_route=\/wp\/v2\/posts\/78661"}],"collection":[{"href":"https:\/\/archive.sana.sy\/es\/index.php?rest_route=\/wp\/v2\/posts"}],"about":[{"href":"https:\/\/archive.sana.sy\/es\/index.php?rest_route=\/wp\/v2\/types\/post"}],"author":[{"embeddable":true,"href":"https:\/\/archive.sana.sy\/es\/index.php?rest_route=\/wp\/v2\/users\/1"}],"replies":[{"embeddable":true,"href":"https:\/\/archive.sana.sy\/es\/index.php?rest_route=%2Fwp%2Fv2%2Fcomments&post=78661"}],"version-history":[{"count":0,"href":"https:\/\/archive.sana.sy\/es\/index.php?rest_route=\/wp\/v2\/posts\/78661\/revisions"}],"wp:featuredmedia":[{"embeddable":true,"href":"https:\/\/archive.sana.sy\/es\/index.php?rest_route=\/wp\/v2\/media\/78662"}],"wp:attachment":[{"href":"https:\/\/archive.sana.sy\/es\/index.php?rest_route=%2Fwp%2Fv2%2Fmedia&parent=78661"}],"wp:term":[{"taxonomy":"category","embeddable":true,"href":"https:\/\/archive.sana.sy\/es\/index.php?rest_route=%2Fwp%2Fv2%2Fcategories&post=78661"},{"taxonomy":"post_tag","embeddable":true,"href":"https:\/\/archive.sana.sy\/es\/index.php?rest_route=%2Fwp%2Fv2%2Ftags&post=78661"}],"curies":[{"name":"wp","href":"https:\/\/api.w.org\/{rel}","templated":true}]}}