{"id":78670,"date":"2018-03-15T13:39:55","date_gmt":"2018-03-15T11:39:55","guid":{"rendered":"https:\/\/www.sana.sy\/es\/?p=78670"},"modified":"2018-03-15T21:38:44","modified_gmt":"2018-03-15T19:38:44","slug":"cancilleria-rusa-las-tropas-aereas-rusas-continuaran-dando-apoyar-a-siria-hasta-la-eliminacion-del-terrorismo","status":"publish","type":"post","link":"https:\/\/archive.sana.sy\/es\/?p=78670","title":{"rendered":"Canciller\u00eda rusa: las tropas a\u00e9reas rusas continuar\u00e1n dando apoyar a Siria hasta la eliminaci\u00f3n del terrorismo"},"content":{"rendered":"<p><span style=\"color: #800000\">Mosc\u00fa-SANA<\/span><\/p>\n<p>La Canciller\u00eda rusa afirm\u00f3 que el contingente de las tropas aeroespaciales rusas continuar\u00e1n dando apoyo al ej\u00e9rcito \u00e1rabe sirio hasta acabar con el terrorismo.<\/p>\n<p>Una declaraci\u00f3n de la Canciller\u00eda rusa dijo que \u201capoyamos fuertemente la soberan\u00eda de Siria y su integridad territorial\u201d, se\u00f1alando la necesidad de colaboraci\u00f3n de la comunidad internacional en la lucha contra el terrorismo y dejar de lado los dobles est\u00e1ndar, y dividir a los terroristas en buenos y malos, para servir a sus intereses geopol\u00edticos.<\/p>\n<p>La canciller\u00eda rusa aclar\u00f3 que la reuni\u00f3n de Astan\u00e1 se celebrar\u00e1 ma\u00f1ana y van a poner planes nuevos para seguir con la distenci\u00f3n en Siria y para llegar a una resoluci\u00f3n pol\u00edtica que se base en la resoluci\u00f3n del Consejo de Seguridad N\u00ba 2254, y animar el di\u00e1logo intersirio.<\/p>\n<p><span style=\"color: #0000ff\">Dr. A. Shaban<\/span><\/p>\n","protected":false},"excerpt":{"rendered":"<p>Mosc\u00fa-SANA La Canciller\u00eda rusa afirm\u00f3 que el contingente de las tropas aeroespaciales rusas continuar\u00e1n dando apoyo al ej\u00e9rcito \u00e1rabe sirio hasta acabar con el terrorismo. Una declaraci\u00f3n de la Canciller\u00eda rusa dijo que \u201capoyamos fuertemente la soberan\u00eda de Siria y su integridad territorial\u201d, se\u00f1alando la necesidad de colaboraci\u00f3n de la comunidad internacional en la lucha &hellip;<\/p>\n","protected":false},"author":1,"featured_media":78671,"comment_status":"closed","ping_status":"closed","sticky":false,"template":"","format":"standard","meta":{"footnotes":""},"categories":[597,467,583],"tags":[11686],"class_list":["post-78670","post","type-post","status-publish","format-standard","has-post-thumbnail","","category-cinta-de-noticias","category-siria-y-el-mundo","category-slide","tag-cancilleria-rusa-las-tropas-aereas-rusas-continuaran-dando-apoyar-a-siria-hasta-la-eliminacion-del-terrorismo"],"_links":{"self":[{"href":"https:\/\/archive.sana.sy\/es\/index.php?rest_route=\/wp\/v2\/posts\/78670"}],"collection":[{"href":"https:\/\/archive.sana.sy\/es\/index.php?rest_route=\/wp\/v2\/posts"}],"about":[{"href":"https:\/\/archive.sana.sy\/es\/index.php?rest_route=\/wp\/v2\/types\/post"}],"author":[{"embeddable":true,"href":"https:\/\/archive.sana.sy\/es\/index.php?rest_route=\/wp\/v2\/users\/1"}],"replies":[{"embeddable":true,"href":"https:\/\/archive.sana.sy\/es\/index.php?rest_route=%2Fwp%2Fv2%2Fcomments&post=78670"}],"version-history":[{"count":0,"href":"https:\/\/archive.sana.sy\/es\/index.php?rest_route=\/wp\/v2\/posts\/78670\/revisions"}],"wp:featuredmedia":[{"embeddable":true,"href":"https:\/\/archive.sana.sy\/es\/index.php?rest_route=\/wp\/v2\/media\/78671"}],"wp:attachment":[{"href":"https:\/\/archive.sana.sy\/es\/index.php?rest_route=%2Fwp%2Fv2%2Fmedia&parent=78670"}],"wp:term":[{"taxonomy":"category","embeddable":true,"href":"https:\/\/archive.sana.sy\/es\/index.php?rest_route=%2Fwp%2Fv2%2Fcategories&post=78670"},{"taxonomy":"post_tag","embeddable":true,"href":"https:\/\/archive.sana.sy\/es\/index.php?rest_route=%2Fwp%2Fv2%2Ftags&post=78670"}],"curies":[{"name":"wp","href":"https:\/\/api.w.org\/{rel}","templated":true}]}}