{"id":78966,"date":"2018-03-20T09:44:17","date_gmt":"2018-03-20T07:44:17","guid":{"rendered":"https:\/\/www.sana.sy\/es\/?p=78966"},"modified":"2018-03-20T12:29:29","modified_gmt":"2018-03-20T10:29:29","slug":"imagenes-de-afrin-documentan-las-practicas-de-sus-invasores","status":"publish","type":"post","link":"https:\/\/archive.sana.sy\/es\/?p=78966","title":{"rendered":"Im\u00e1genes de Afrin documentan las pr\u00e1cticas de sus invasores"},"content":{"rendered":"<p><span style=\"color: #800000;\">Damasco, SANA<\/span><\/p>\n<p>Las im\u00e1genes que circulan por varias agencias noticiosas y la Social Media revelan la esencia de las organizaciones terroristas que han invadido la ciudad de Afrin apoyadas por las tropas del r\u00e9gimen turco al cabo de dos meses de agresi\u00f3n continua con todo tipo de armas que caus\u00f3 el desplazamiento de la poblaci\u00f3n de la ciudad y provoc\u00f3 la muerte de m\u00e1s de un millar de civiles y dej\u00f3 heridos a miles.<\/p>\n<p>La imagen m\u00e1s destacada es la que muestra a un terrorista alzando una navaja parecida a las de la menguada organizaci\u00f3n Daesh con que mataron a centenas de inocentes en Siria e Irak.<\/p>\n<p>Numerosas im\u00e1genes documentan los cr\u00edmenes de las tropas del r\u00e9gimen turco y sus mercenarios en la ciudad de Afrin donde proliferan los saqueos tal y como hab\u00eda ocurrido antes en las ciudades sirias de Qaryateen, Palmira, Deir Ezzor, Idleb y el campo de Hama.<\/p>\n<p><span style=\"color: #0000ff;\">Riad Sh.\/ Dr. A. Shaban<\/span><\/p>\n<div id='gallery-1' class='gallery galleryid-78966 gallery-columns-3 gallery-size-thumbnail'><figure class='gallery-item'>\n\t\t\t<div class='gallery-icon landscape'>\n\t\t\t\t<a href='https:\/\/archive.sana.sy\/es\/wp-content\/uploads\/2018\/03\/1-22.jpg'><img loading=\"lazy\" decoding=\"async\" width=\"150\" height=\"150\" src=\"https:\/\/archive.sana.sy\/es\/wp-content\/uploads\/2018\/03\/1-22.jpg\" class=\"attachment-thumbnail size-thumbnail\" alt=\"\" \/><\/a>\n\t\t\t<\/div><\/figure><figure class='gallery-item'>\n\t\t\t<div class='gallery-icon landscape'>\n\t\t\t\t<a href='https:\/\/archive.sana.sy\/es\/wp-content\/uploads\/2018\/03\/2-18.jpg'><img loading=\"lazy\" decoding=\"async\" width=\"150\" height=\"150\" src=\"https:\/\/archive.sana.sy\/es\/wp-content\/uploads\/2018\/03\/2-18.jpg\" class=\"attachment-thumbnail size-thumbnail\" alt=\"\" \/><\/a>\n\t\t\t<\/div><\/figure><figure class='gallery-item'>\n\t\t\t<div class='gallery-icon landscape'>\n\t\t\t\t<a href='https:\/\/archive.sana.sy\/es\/wp-content\/uploads\/2018\/03\/3-17.jpg'><img loading=\"lazy\" decoding=\"async\" width=\"150\" height=\"150\" src=\"https:\/\/archive.sana.sy\/es\/wp-content\/uploads\/2018\/03\/3-17.jpg\" class=\"attachment-thumbnail size-thumbnail\" alt=\"\" \/><\/a>\n\t\t\t<\/div><\/figure><figure class='gallery-item'>\n\t\t\t<div class='gallery-icon landscape'>\n\t\t\t\t<a href='https:\/\/archive.sana.sy\/es\/wp-content\/uploads\/2018\/03\/4-13.jpg'><img loading=\"lazy\" decoding=\"async\" width=\"150\" height=\"150\" src=\"https:\/\/archive.sana.sy\/es\/wp-content\/uploads\/2018\/03\/4-13.jpg\" class=\"attachment-thumbnail size-thumbnail\" alt=\"\" \/><\/a>\n\t\t\t<\/div><\/figure><figure class='gallery-item'>\n\t\t\t<div class='gallery-icon landscape'>\n\t\t\t\t<a href='https:\/\/archive.sana.sy\/es\/wp-content\/uploads\/2018\/03\/5-14.jpg'><img loading=\"lazy\" decoding=\"async\" width=\"150\" height=\"150\" src=\"https:\/\/archive.sana.sy\/es\/wp-content\/uploads\/2018\/03\/5-14.jpg\" class=\"attachment-thumbnail size-thumbnail\" alt=\"\" \/><\/a>\n\t\t\t<\/div><\/figure><figure class='gallery-item'>\n\t\t\t<div class='gallery-icon landscape'>\n\t\t\t\t<a href='https:\/\/archive.sana.sy\/es\/wp-content\/uploads\/2018\/03\/6-11.jpg'><img loading=\"lazy\" decoding=\"async\" width=\"150\" height=\"150\" src=\"https:\/\/archive.sana.sy\/es\/wp-content\/uploads\/2018\/03\/6-11.jpg\" class=\"attachment-thumbnail size-thumbnail\" alt=\"\" \/><\/a>\n\t\t\t<\/div><\/figure>\n\t\t<\/div>\n\n<p>&nbsp;<\/p>\n<p>&nbsp;<\/p>\n<figure class=\"gallery-item\"><\/figure>\n<figure class=\"gallery-item\">\n<div class=\"gallery-icon landscape\"><\/div>\n<div><\/div>\n<\/figure>\n","protected":false},"excerpt":{"rendered":"<p>Damasco, SANA Las im\u00e1genes que circulan por varias agencias noticiosas y la Social Media revelan la esencia de las organizaciones terroristas que han invadido la ciudad de Afrin apoyadas por las tropas del r\u00e9gimen turco al cabo de dos meses de agresi\u00f3n continua con todo tipo de armas que caus\u00f3 el desplazamiento de la poblaci\u00f3n &hellip;<\/p>\n","protected":false},"author":1,"featured_media":78974,"comment_status":"closed","ping_status":"closed","sticky":false,"template":"","format":"standard","meta":{"footnotes":""},"categories":[597,573,583,7541],"tags":[11699],"class_list":["post-78966","post","type-post","status-publish","format-standard","has-post-thumbnail","","category-cinta-de-noticias","category-la-realidad-de-los-acontecimientos-en-siria","category-slide","category-ultimas-noticias","tag-imagenes-de-afrin-documentan-las-practicas-de-sus-invasores"],"_links":{"self":[{"href":"https:\/\/archive.sana.sy\/es\/index.php?rest_route=\/wp\/v2\/posts\/78966"}],"collection":[{"href":"https:\/\/archive.sana.sy\/es\/index.php?rest_route=\/wp\/v2\/posts"}],"about":[{"href":"https:\/\/archive.sana.sy\/es\/index.php?rest_route=\/wp\/v2\/types\/post"}],"author":[{"embeddable":true,"href":"https:\/\/archive.sana.sy\/es\/index.php?rest_route=\/wp\/v2\/users\/1"}],"replies":[{"embeddable":true,"href":"https:\/\/archive.sana.sy\/es\/index.php?rest_route=%2Fwp%2Fv2%2Fcomments&post=78966"}],"version-history":[{"count":0,"href":"https:\/\/archive.sana.sy\/es\/index.php?rest_route=\/wp\/v2\/posts\/78966\/revisions"}],"wp:featuredmedia":[{"embeddable":true,"href":"https:\/\/archive.sana.sy\/es\/index.php?rest_route=\/wp\/v2\/media\/78974"}],"wp:attachment":[{"href":"https:\/\/archive.sana.sy\/es\/index.php?rest_route=%2Fwp%2Fv2%2Fmedia&parent=78966"}],"wp:term":[{"taxonomy":"category","embeddable":true,"href":"https:\/\/archive.sana.sy\/es\/index.php?rest_route=%2Fwp%2Fv2%2Fcategories&post=78966"},{"taxonomy":"post_tag","embeddable":true,"href":"https:\/\/archive.sana.sy\/es\/index.php?rest_route=%2Fwp%2Fv2%2Ftags&post=78966"}],"curies":[{"name":"wp","href":"https:\/\/api.w.org\/{rel}","templated":true}]}}