{"id":78994,"date":"2018-03-20T11:46:23","date_gmt":"2018-03-20T09:46:23","guid":{"rendered":"https:\/\/www.sana.sy\/es\/?p=78994"},"modified":"2018-03-20T17:47:56","modified_gmt":"2018-03-20T15:47:56","slug":"siria-condena-fuertemente-las-alegaciones-del-consejo-de-la-union-europea-sobre-el-uso-de-armas-quimicas-en-siria","status":"publish","type":"post","link":"https:\/\/archive.sana.sy\/es\/?p=78994","title":{"rendered":"Siria condena fuertemente las alegaciones del Consejo de la Uni\u00f3n Europea sobre el uso de armas qu\u00edmicas en Siria"},"content":{"rendered":"<p><span style=\"color: #800000\">Damasco, SANA<\/span><\/p>\n<p>Siria ha condenado fuertemente las alegaciones emitidas por el Consejo\u00a0de la Uni\u00f3n Europea acerca del uso de armas qu\u00edmicas en Siria\u00a0afirmando &#8220;las mismas vienen en marco de la campa\u00f1a de mentiras contra\u00a0Siria y carecen de toda credibilidad&#8221;.<\/p>\n<p>Una fuente oficial en el Ministerio de Exteriores y Expatriados dijo\u00a0en una declaraci\u00f3n a SANA que el objetivo de tales acusaciones es\u00a0difamar al estado sirio y proteger a las agrupaciones terroristas.<\/p>\n<p>La fuente concluy\u00f3 diciendo que la Rep\u00fablica \u00c1rabe Siria afirma que &#8220;tales mentiras no cejar\u00e1n en su \u00e1nimo de perseguir a tales grupos\u00a0hasta la depuraci\u00f3n de la totalidad del territorio sirio y derrocar el\u00a0proyecto maligno contra Siria y la naci\u00f3n \u00e1rabe del cual la Uni\u00f3n\u00a0Europea es un instrumento en a\u00f1oranza de su pasado colonial&#8221;.<\/p>\n<p style=\"text-align: left\"><span style=\"color: #0000ff\">Dr. A. Shaban<\/span><\/p>\n","protected":false},"excerpt":{"rendered":"<p>Damasco, SANA Siria ha condenado fuertemente las alegaciones emitidas por el Consejo\u00a0de la Uni\u00f3n Europea acerca del uso de armas qu\u00edmicas en Siria\u00a0afirmando &#8220;las mismas vienen en marco de la campa\u00f1a de mentiras contra\u00a0Siria y carecen de toda credibilidad&#8221;. Una fuente oficial en el Ministerio de Exteriores y Expatriados dijo\u00a0en una declaraci\u00f3n a SANA que &hellip;<\/p>\n","protected":false},"author":1,"featured_media":78995,"comment_status":"closed","ping_status":"closed","sticky":false,"template":"","format":"standard","meta":{"footnotes":""},"categories":[597,476,583,7541],"tags":[11701],"class_list":["post-78994","post","type-post","status-publish","format-standard","has-post-thumbnail","","category-cinta-de-noticias","category-locales","category-slide","category-ultimas-noticias","tag-siria-condena-fuertemente-las-alegaciones-del-consejo-de-la-union-europea-sobre-el-uso-de-armas-quimicas-en-siria"],"_links":{"self":[{"href":"https:\/\/archive.sana.sy\/es\/index.php?rest_route=\/wp\/v2\/posts\/78994"}],"collection":[{"href":"https:\/\/archive.sana.sy\/es\/index.php?rest_route=\/wp\/v2\/posts"}],"about":[{"href":"https:\/\/archive.sana.sy\/es\/index.php?rest_route=\/wp\/v2\/types\/post"}],"author":[{"embeddable":true,"href":"https:\/\/archive.sana.sy\/es\/index.php?rest_route=\/wp\/v2\/users\/1"}],"replies":[{"embeddable":true,"href":"https:\/\/archive.sana.sy\/es\/index.php?rest_route=%2Fwp%2Fv2%2Fcomments&post=78994"}],"version-history":[{"count":0,"href":"https:\/\/archive.sana.sy\/es\/index.php?rest_route=\/wp\/v2\/posts\/78994\/revisions"}],"wp:featuredmedia":[{"embeddable":true,"href":"https:\/\/archive.sana.sy\/es\/index.php?rest_route=\/wp\/v2\/media\/78995"}],"wp:attachment":[{"href":"https:\/\/archive.sana.sy\/es\/index.php?rest_route=%2Fwp%2Fv2%2Fmedia&parent=78994"}],"wp:term":[{"taxonomy":"category","embeddable":true,"href":"https:\/\/archive.sana.sy\/es\/index.php?rest_route=%2Fwp%2Fv2%2Fcategories&post=78994"},{"taxonomy":"post_tag","embeddable":true,"href":"https:\/\/archive.sana.sy\/es\/index.php?rest_route=%2Fwp%2Fv2%2Ftags&post=78994"}],"curies":[{"name":"wp","href":"https:\/\/api.w.org\/{rel}","templated":true}]}}