{"id":78997,"date":"2018-03-20T19:00:40","date_gmt":"2018-03-20T17:00:40","guid":{"rendered":"https:\/\/www.sana.sy\/es\/?p=78997"},"modified":"2018-03-20T19:58:17","modified_gmt":"2018-03-20T17:58:17","slug":"el-embajador-aala-condena-las-practicas-israelies-anti-sirias","status":"publish","type":"post","link":"https:\/\/archive.sana.sy\/es\/?p=78997","title":{"rendered":"El embajador Aala condena las pr\u00e1cticas israel\u00edes anti-sirias"},"content":{"rendered":"<p><span style=\"color: #800000\">Ginebra, SANA<\/span><\/p>\n<p>El delegado permanente de Siria ante la ONU en Ginebra afirm\u00f3 que las pr\u00e1cticas de las autoridades de ocupaci\u00f3n israel\u00edes en el Gol\u00e1n sirio no han cesado desde 1967 las cuales violan el derecho internacional y las resoluciones del Consejo de Seguridad, y las disposiciones de la IV Convenci\u00f3n de Ginebra para consolidar su ocupaci\u00f3n colonialista, y tampoco han cesado sus tentativas por anexarse el Gol\u00e1n en violaci\u00f3n de la ley internacional y la resoluci\u00f3n del Consejo de Seguridad N\u00ba. 497 que afirm\u00f3 la ilegalidad de la tutela israel\u00ed sobre el Gol\u00e1n sirio ocupado consider\u00e1ndola nula.<\/p>\n<p>&#8220;Desde el comienzo de la guerra sobre Siria ha crecido el apoyo israel\u00ed directo a los grupos terroristas documentado en los informes del UNDOF, ello con el objetivo de prolongar la crisis y explotarla para consolidar la ocupaci\u00f3n e imponer la anexi\u00f3n como hecho consumado&#8221;, agreg\u00f3.<\/p>\n<p>El diplom\u00e1tico expres\u00f3 la condena de la Rep\u00fablica \u00c1rabe Siria de los arrestos arbitrarios contra los hijos del Gol\u00e1n ocupado quienes se oponen a la ocupaci\u00f3n y pidi\u00f3 nuevamente al Consejo presionar por la liberaci\u00f3n de los prisioneros Sidqui al-Maqt y Amal Abu Saleh.<\/p>\n<p>El embajador Aala prosigui\u00f3 diciendo que la Rep\u00fablica \u00c1rabe Siria condena las violaciones y cr\u00edmenes de las autoridades de ocupaci\u00f3n en Palestina ocupada como las ejecuciones extrajudiciales, el arresto arbitrario y la retenci\u00f3n de ni\u00f1os, y limitar el movimiento de la poblaci\u00f3n y el continuo bloqueo impuesto a la Franja de Gaza.<\/p>\n<p>El mismo expres\u00f3 que Siria condena la decisi\u00f3n de la Administraci\u00f3n estadounidense de trasladar su embajada a Jerusal\u00e9n en mayo pr\u00f3ximo porque viola la ley internacional y prueba los dobles raseros conque EE.UU. trata con las resoluciones de la ONU.<\/p>\n<p><span style=\"color: #0000ff\">Riad Sh.\/ Dr. A. Shaban<\/span><\/p>\n","protected":false},"excerpt":{"rendered":"<p>Ginebra, SANA El delegado permanente de Siria ante la ONU en Ginebra afirm\u00f3 que las pr\u00e1cticas de las autoridades de ocupaci\u00f3n israel\u00edes en el Gol\u00e1n sirio no han cesado desde 1967 las cuales violan el derecho internacional y las resoluciones del Consejo de Seguridad, y las disposiciones de la IV Convenci\u00f3n de Ginebra para consolidar &hellip;<\/p>\n","protected":false},"author":1,"featured_media":78998,"comment_status":"closed","ping_status":"closed","sticky":false,"template":"","format":"standard","meta":{"footnotes":""},"categories":[597,467,7541],"tags":[11702],"class_list":["post-78997","post","type-post","status-publish","format-standard","has-post-thumbnail","","category-cinta-de-noticias","category-siria-y-el-mundo","category-ultimas-noticias","tag-el-embajador-aala-condena-las-practicas-israelies-anti-sirias"],"_links":{"self":[{"href":"https:\/\/archive.sana.sy\/es\/index.php?rest_route=\/wp\/v2\/posts\/78997"}],"collection":[{"href":"https:\/\/archive.sana.sy\/es\/index.php?rest_route=\/wp\/v2\/posts"}],"about":[{"href":"https:\/\/archive.sana.sy\/es\/index.php?rest_route=\/wp\/v2\/types\/post"}],"author":[{"embeddable":true,"href":"https:\/\/archive.sana.sy\/es\/index.php?rest_route=\/wp\/v2\/users\/1"}],"replies":[{"embeddable":true,"href":"https:\/\/archive.sana.sy\/es\/index.php?rest_route=%2Fwp%2Fv2%2Fcomments&post=78997"}],"version-history":[{"count":0,"href":"https:\/\/archive.sana.sy\/es\/index.php?rest_route=\/wp\/v2\/posts\/78997\/revisions"}],"wp:featuredmedia":[{"embeddable":true,"href":"https:\/\/archive.sana.sy\/es\/index.php?rest_route=\/wp\/v2\/media\/78998"}],"wp:attachment":[{"href":"https:\/\/archive.sana.sy\/es\/index.php?rest_route=%2Fwp%2Fv2%2Fmedia&parent=78997"}],"wp:term":[{"taxonomy":"category","embeddable":true,"href":"https:\/\/archive.sana.sy\/es\/index.php?rest_route=%2Fwp%2Fv2%2Fcategories&post=78997"},{"taxonomy":"post_tag","embeddable":true,"href":"https:\/\/archive.sana.sy\/es\/index.php?rest_route=%2Fwp%2Fv2%2Ftags&post=78997"}],"curies":[{"name":"wp","href":"https:\/\/api.w.org\/{rel}","templated":true}]}}