{"id":7901,"date":"2014-08-27T11:42:24","date_gmt":"2014-08-27T08:42:24","guid":{"rendered":"http:\/\/www.sana.sy\/es\/?p=7901"},"modified":"2014-08-27T11:42:24","modified_gmt":"2014-08-27T08:42:24","slug":"iran-critica-la-doble-moral-de-los-paises-occidentales-al-abordar-el-tema-del-terrorismo","status":"publish","type":"post","link":"https:\/\/archive.sana.sy\/es\/?p=7901","title":{"rendered":"Ir\u00e1n critica la doble moral de los pa\u00edses occidentales al abordar el tema del terrorismo"},"content":{"rendered":"<div style=\"color: #000000\"><span lang=\"ES-TRAD\" style=\"color: #c00000\">Teher\u00e1n, SANA<\/span><\/div>\n<div style=\"color: #000000\"><\/div>\n<div style=\"color: #000000\"><span lang=\"ES-TRAD\">La portavoz de la Canciller\u00eda iran\u00ed, Mardiah Afkham, critic\u00f3 el doble rasero de los pa\u00edses occidentales, especialmente la administraci\u00f3n norteamericana, en sus tratamiento al tema del terrorismo y las cuestiones humanitarias en la regi\u00f3n y en Irak.<\/span><\/div>\n<div style=\"color: #000000\"><\/div>\n<div style=\"color: #000000\"><span lang=\"ES-TRAD\">En una declaraci\u00f3n a la prensa, Afkham advirti\u00f3 de una cat\u00e1strofe humanitaria en la ciudad de Amerli en el norte de Irak y los poblados de los alrededores, indicando que la situaci\u00f3n humanitaria en dicha ciudad es\u00a0\u00a0mala ya que se encuentra bajo asedio por parte de los terroristas.<\/span><\/div>\n<div style=\"color: #000000\"><\/div>\n<div style=\"color: #000000\"><span lang=\"ES-TRAD\">La vocera iran\u00ed llam\u00f3 a las organizaciones internacionales y a las Naciones Unidas a tomar acciones urgentes para proporcionar ayuda humanitaria a la poblaci\u00f3n deportada en Irak a consecuencia del terrorismo.<\/span><\/div>\n<div style=\"color: #000000\"><\/div>\n<div style=\"color: #000000\"><span style=\"color: #00ccff\">Fady M., Hala B.<\/span><\/div>\n<div class=\"yj6qo ajU\" style=\"color: #000000\">\n<div id=\":12e\" class=\"ajR\"><img decoding=\"async\" class=\"ajT\" src=\"https:\/\/ssl.gstatic.com\/ui\/v1\/icons\/mail\/images\/cleardot.gif\" alt=\"\" \/><\/div>\n<\/div>\n","protected":false},"excerpt":{"rendered":"<p>Teher\u00e1n, SANA La portavoz de la Canciller\u00eda iran\u00ed, Mardiah Afkham, critic\u00f3 el doble rasero de los pa\u00edses occidentales, especialmente la administraci\u00f3n norteamericana, en sus tratamiento al tema del terrorismo y las cuestiones humanitarias en la regi\u00f3n y en Irak. En una declaraci\u00f3n a la prensa, Afkham advirti\u00f3 de una cat\u00e1strofe humanitaria en la ciudad de &hellip;<\/p>\n","protected":false},"author":1,"featured_media":7902,"comment_status":"closed","ping_status":"closed","sticky":false,"template":"","format":"standard","meta":{"footnotes":""},"categories":[597,456,576],"tags":[1803],"class_list":["post-7901","post","type-post","status-publish","format-standard","has-post-thumbnail","","category-cinta-de-noticias","category-arabe-internacional-politica","category-noticias-politicas","tag-iran-critica-la-doble-moral-de-los-paises-occidentales-al-abordar-el-tema-del-terrorismo"],"_links":{"self":[{"href":"https:\/\/archive.sana.sy\/es\/index.php?rest_route=\/wp\/v2\/posts\/7901"}],"collection":[{"href":"https:\/\/archive.sana.sy\/es\/index.php?rest_route=\/wp\/v2\/posts"}],"about":[{"href":"https:\/\/archive.sana.sy\/es\/index.php?rest_route=\/wp\/v2\/types\/post"}],"author":[{"embeddable":true,"href":"https:\/\/archive.sana.sy\/es\/index.php?rest_route=\/wp\/v2\/users\/1"}],"replies":[{"embeddable":true,"href":"https:\/\/archive.sana.sy\/es\/index.php?rest_route=%2Fwp%2Fv2%2Fcomments&post=7901"}],"version-history":[{"count":0,"href":"https:\/\/archive.sana.sy\/es\/index.php?rest_route=\/wp\/v2\/posts\/7901\/revisions"}],"wp:featuredmedia":[{"embeddable":true,"href":"https:\/\/archive.sana.sy\/es\/index.php?rest_route=\/wp\/v2\/media\/7902"}],"wp:attachment":[{"href":"https:\/\/archive.sana.sy\/es\/index.php?rest_route=%2Fwp%2Fv2%2Fmedia&parent=7901"}],"wp:term":[{"taxonomy":"category","embeddable":true,"href":"https:\/\/archive.sana.sy\/es\/index.php?rest_route=%2Fwp%2Fv2%2Fcategories&post=7901"},{"taxonomy":"post_tag","embeddable":true,"href":"https:\/\/archive.sana.sy\/es\/index.php?rest_route=%2Fwp%2Fv2%2Ftags&post=7901"}],"curies":[{"name":"wp","href":"https:\/\/api.w.org\/{rel}","templated":true}]}}