{"id":79010,"date":"2018-03-20T18:08:24","date_gmt":"2018-03-20T16:08:24","guid":{"rendered":"https:\/\/www.sana.sy\/es\/?p=79010"},"modified":"2018-03-20T19:35:29","modified_gmt":"2018-03-20T17:35:29","slug":"ejercito-descubren-dos-fosas-comunes-en-el-campo-de-hama","status":"publish","type":"post","link":"https:\/\/archive.sana.sy\/es\/?p=79010","title":{"rendered":"Ej\u00e9rcito descubre dos fosas comunes en el campo de Hama"},"content":{"rendered":"<p><span style=\"color: #800000\">Hama, SANA<\/span><\/p>\n<p>Una unidad del Ej\u00e9rcito en colaboraci\u00f3n con las fuerzas de respaldo hall\u00f3 este martes dos fosas comunes en la localidad de al-Rahyan en el campo de la provincia de Hama que fue liberada del terrorismo en el pasado mes de enero.<\/p>\n<p>El corresponsal de SANA inform\u00f3 que la primera fosa conten\u00eda los cuerpos de ocho civiles, mientras que se desconoce la cifra de los m\u00e1rtires en la segunda fosa.<\/p>\n<p>Se\u00f1al\u00f3 que los uniformados sirios en cooperaci\u00f3n con la Media Luna Roja \u00c1rabe Siria proceder\u00e1n a rescatar a los cuerpos para entregarlos a sus familiares.<\/p>\n<p>Es de se\u00f1alar que los grupos terroristas que manten\u00edan posiciones en el campo norte de Hama hab\u00edan cometido decenas de masacres contra los pobladores de las aldeas y localidades de dicha zona.<\/p>\n<p>&nbsp;<\/p>\n<p>Lynn A.<\/p>\n","protected":false},"excerpt":{"rendered":"<p>Hama, SANA Una unidad del Ej\u00e9rcito en colaboraci\u00f3n con las fuerzas de respaldo hall\u00f3 este martes dos fosas comunes en la localidad de al-Rahyan en el campo de la provincia de Hama que fue liberada del terrorismo en el pasado mes de enero. El corresponsal de SANA inform\u00f3 que la primera fosa conten\u00eda los cuerpos &hellip;<\/p>\n","protected":false},"author":24,"featured_media":79015,"comment_status":"closed","ping_status":"closed","sticky":false,"template":"","format":"standard","meta":{"footnotes":""},"categories":[597,573,7541,1],"tags":[],"class_list":["post-79010","post","type-post","status-publish","format-standard","has-post-thumbnail","","category-cinta-de-noticias","category-la-realidad-de-los-acontecimientos-en-siria","category-ultimas-noticias","category-news-not-sorted"],"_links":{"self":[{"href":"https:\/\/archive.sana.sy\/es\/index.php?rest_route=\/wp\/v2\/posts\/79010"}],"collection":[{"href":"https:\/\/archive.sana.sy\/es\/index.php?rest_route=\/wp\/v2\/posts"}],"about":[{"href":"https:\/\/archive.sana.sy\/es\/index.php?rest_route=\/wp\/v2\/types\/post"}],"author":[{"embeddable":true,"href":"https:\/\/archive.sana.sy\/es\/index.php?rest_route=\/wp\/v2\/users\/24"}],"replies":[{"embeddable":true,"href":"https:\/\/archive.sana.sy\/es\/index.php?rest_route=%2Fwp%2Fv2%2Fcomments&post=79010"}],"version-history":[{"count":0,"href":"https:\/\/archive.sana.sy\/es\/index.php?rest_route=\/wp\/v2\/posts\/79010\/revisions"}],"wp:featuredmedia":[{"embeddable":true,"href":"https:\/\/archive.sana.sy\/es\/index.php?rest_route=\/wp\/v2\/media\/79015"}],"wp:attachment":[{"href":"https:\/\/archive.sana.sy\/es\/index.php?rest_route=%2Fwp%2Fv2%2Fmedia&parent=79010"}],"wp:term":[{"taxonomy":"category","embeddable":true,"href":"https:\/\/archive.sana.sy\/es\/index.php?rest_route=%2Fwp%2Fv2%2Fcategories&post=79010"},{"taxonomy":"post_tag","embeddable":true,"href":"https:\/\/archive.sana.sy\/es\/index.php?rest_route=%2Fwp%2Fv2%2Ftags&post=79010"}],"curies":[{"name":"wp","href":"https:\/\/api.w.org\/{rel}","templated":true}]}}