{"id":79020,"date":"2018-03-20T18:29:48","date_gmt":"2018-03-20T16:29:48","guid":{"rendered":"https:\/\/www.sana.sy\/es\/?p=79020"},"modified":"2018-03-20T18:29:48","modified_gmt":"2018-03-20T16:29:48","slug":"concentracion-masiva-en-el-centro-de-alepo-para-condenar-agresion-truca-contra-el-territorio-sirio","status":"publish","type":"post","link":"https:\/\/archive.sana.sy\/es\/?p=79020","title":{"rendered":"Concentraci\u00f3n masiva en el centro de Alepo para condenar agresi\u00f3n truca contra el territorio sirio"},"content":{"rendered":"<p><span style=\"color: #800000\">Alepo, SANA<\/span><\/p>\n<p>Miles de alepinos se concentraron este martes en la plaza de Saad Allah al-Yabiri para denunciar la flagrante agresi\u00f3n turca contra el suelo de su patria.<\/p>\n<p>Los protagonistas de este acto alzaron banderas nacionales y pancartas en las que escribieron frases de rotunda condena a la agresi\u00f3n del r\u00e9gimen turco contra Afr\u00edn y el silencia que guarda la comunidad internacional ante el sufrimiento de sus pobladores quienes se vieron obligados a abandonar sus casas a consecuencia del brutal bombardeo turco.<\/p>\n<p>Asimismo corearon consignas que abogan por la integridad territorial de Siria y la unidad de su pueblo, resaltando que los invasores ser\u00e1n vencidos no cabe duda.<\/p>\n<p>Fustigaron la doble moral de las potencias hegem\u00f3nicas que alegan ser defensores de los derechos humanos, y al mismo tiempo hacen la vista gorda ante los cr\u00edmenes del r\u00e9gimen turco en Siria.<\/p>\n<p>De igual manera alzaron su voz a las organizaciones internacionales para que ponga fin a esta acci\u00f3n hostil sangrienta, exigiendo al enemigo turco que salga del territorio sirio lo antes posible.<\/p>\n<div id='gallery-1' class='gallery galleryid-79020 gallery-columns-3 gallery-size-thumbnail'><figure class='gallery-item'>\n\t\t\t<div class='gallery-icon landscape'>\n\t\t\t\t<a href='https:\/\/archive.sana.sy\/es\/wp-content\/uploads\/2018\/03\/Concentraci\u00f3n-en-Alepo-2.jpg'><img loading=\"lazy\" decoding=\"async\" width=\"150\" height=\"100\" src=\"https:\/\/archive.sana.sy\/es\/wp-content\/uploads\/2018\/03\/Concentraci\u00f3n-en-Alepo-2-150x100.jpg\" class=\"attachment-thumbnail size-thumbnail\" alt=\"\" srcset=\"https:\/\/archive.sana.sy\/es\/wp-content\/uploads\/2018\/03\/Concentraci\u00f3n-en-Alepo-2-150x100.jpg 150w, https:\/\/archive.sana.sy\/es\/wp-content\/uploads\/2018\/03\/Concentraci\u00f3n-en-Alepo-2-300x200.jpg 300w, https:\/\/archive.sana.sy\/es\/wp-content\/uploads\/2018\/03\/Concentraci\u00f3n-en-Alepo-2-310x205.jpg 310w, https:\/\/archive.sana.sy\/es\/wp-content\/uploads\/2018\/03\/Concentraci\u00f3n-en-Alepo-2.jpg 660w\" sizes=\"(max-width: 150px) 100vw, 150px\" \/><\/a>\n\t\t\t<\/div><\/figure><figure class='gallery-item'>\n\t\t\t<div class='gallery-icon landscape'>\n\t\t\t\t<a href='https:\/\/archive.sana.sy\/es\/wp-content\/uploads\/2018\/03\/Concentraci\u00f3n-en-Alepo-1.jpg'><img loading=\"lazy\" decoding=\"async\" width=\"150\" height=\"100\" src=\"https:\/\/archive.sana.sy\/es\/wp-content\/uploads\/2018\/03\/Concentraci\u00f3n-en-Alepo-1-150x100.jpg\" class=\"attachment-thumbnail size-thumbnail\" alt=\"\" srcset=\"https:\/\/archive.sana.sy\/es\/wp-content\/uploads\/2018\/03\/Concentraci\u00f3n-en-Alepo-1-150x100.jpg 150w, https:\/\/archive.sana.sy\/es\/wp-content\/uploads\/2018\/03\/Concentraci\u00f3n-en-Alepo-1-300x200.jpg 300w, https:\/\/archive.sana.sy\/es\/wp-content\/uploads\/2018\/03\/Concentraci\u00f3n-en-Alepo-1-310x205.jpg 310w, https:\/\/archive.sana.sy\/es\/wp-content\/uploads\/2018\/03\/Concentraci\u00f3n-en-Alepo-1.jpg 660w\" sizes=\"(max-width: 150px) 100vw, 150px\" \/><\/a>\n\t\t\t<\/div><\/figure><figure class='gallery-item'>\n\t\t\t<div class='gallery-icon landscape'>\n\t\t\t\t<a href='https:\/\/archive.sana.sy\/es\/wp-content\/uploads\/2018\/03\/Concentraci\u00f3n-en-Alepo-0.jpg'><img loading=\"lazy\" decoding=\"async\" width=\"150\" height=\"75\" src=\"https:\/\/archive.sana.sy\/es\/wp-content\/uploads\/2018\/03\/Concentraci\u00f3n-en-Alepo-0-150x75.jpg\" class=\"attachment-thumbnail size-thumbnail\" alt=\"\" srcset=\"https:\/\/archive.sana.sy\/es\/wp-content\/uploads\/2018\/03\/Concentraci\u00f3n-en-Alepo-0-150x75.jpg 150w, https:\/\/archive.sana.sy\/es\/wp-content\/uploads\/2018\/03\/Concentraci\u00f3n-en-Alepo-0-300x150.jpg 300w, https:\/\/archive.sana.sy\/es\/wp-content\/uploads\/2018\/03\/Concentraci\u00f3n-en-Alepo-0.jpg 660w\" sizes=\"(max-width: 150px) 100vw, 150px\" \/><\/a>\n\t\t\t<\/div><\/figure><figure class='gallery-item'>\n\t\t\t<div class='gallery-icon landscape'>\n\t\t\t\t<a href='https:\/\/archive.sana.sy\/es\/wp-content\/uploads\/2018\/03\/Concentraci\u00f3n-en-Alepo-3.jpg'><img loading=\"lazy\" decoding=\"async\" width=\"150\" height=\"100\" src=\"https:\/\/archive.sana.sy\/es\/wp-content\/uploads\/2018\/03\/Concentraci\u00f3n-en-Alepo-3-150x100.jpg\" class=\"attachment-thumbnail size-thumbnail\" alt=\"\" srcset=\"https:\/\/archive.sana.sy\/es\/wp-content\/uploads\/2018\/03\/Concentraci\u00f3n-en-Alepo-3-150x100.jpg 150w, https:\/\/archive.sana.sy\/es\/wp-content\/uploads\/2018\/03\/Concentraci\u00f3n-en-Alepo-3-300x200.jpg 300w, https:\/\/archive.sana.sy\/es\/wp-content\/uploads\/2018\/03\/Concentraci\u00f3n-en-Alepo-3-310x205.jpg 310w, https:\/\/archive.sana.sy\/es\/wp-content\/uploads\/2018\/03\/Concentraci\u00f3n-en-Alepo-3.jpg 660w\" sizes=\"(max-width: 150px) 100vw, 150px\" \/><\/a>\n\t\t\t<\/div><\/figure>\n\t\t<\/div>\n\n<p>Lynn A.<\/p>\n","protected":false},"excerpt":{"rendered":"<p>Alepo, SANA Miles de alepinos se concentraron este martes en la plaza de Saad Allah al-Yabiri para denunciar la flagrante agresi\u00f3n turca contra el suelo de su patria. Los protagonistas de este acto alzaron banderas nacionales y pancartas en las que escribieron frases de rotunda condena a la agresi\u00f3n del r\u00e9gimen turco contra Afr\u00edn y &hellip;<\/p>\n","protected":false},"author":24,"featured_media":79022,"comment_status":"closed","ping_status":"closed","sticky":false,"template":"","format":"standard","meta":{"footnotes":""},"categories":[597,476,7541],"tags":[],"class_list":["post-79020","post","type-post","status-publish","format-standard","has-post-thumbnail","","category-cinta-de-noticias","category-locales","category-ultimas-noticias"],"_links":{"self":[{"href":"https:\/\/archive.sana.sy\/es\/index.php?rest_route=\/wp\/v2\/posts\/79020"}],"collection":[{"href":"https:\/\/archive.sana.sy\/es\/index.php?rest_route=\/wp\/v2\/posts"}],"about":[{"href":"https:\/\/archive.sana.sy\/es\/index.php?rest_route=\/wp\/v2\/types\/post"}],"author":[{"embeddable":true,"href":"https:\/\/archive.sana.sy\/es\/index.php?rest_route=\/wp\/v2\/users\/24"}],"replies":[{"embeddable":true,"href":"https:\/\/archive.sana.sy\/es\/index.php?rest_route=%2Fwp%2Fv2%2Fcomments&post=79020"}],"version-history":[{"count":0,"href":"https:\/\/archive.sana.sy\/es\/index.php?rest_route=\/wp\/v2\/posts\/79020\/revisions"}],"wp:featuredmedia":[{"embeddable":true,"href":"https:\/\/archive.sana.sy\/es\/index.php?rest_route=\/wp\/v2\/media\/79022"}],"wp:attachment":[{"href":"https:\/\/archive.sana.sy\/es\/index.php?rest_route=%2Fwp%2Fv2%2Fmedia&parent=79020"}],"wp:term":[{"taxonomy":"category","embeddable":true,"href":"https:\/\/archive.sana.sy\/es\/index.php?rest_route=%2Fwp%2Fv2%2Fcategories&post=79020"},{"taxonomy":"post_tag","embeddable":true,"href":"https:\/\/archive.sana.sy\/es\/index.php?rest_route=%2Fwp%2Fv2%2Ftags&post=79020"}],"curies":[{"name":"wp","href":"https:\/\/api.w.org\/{rel}","templated":true}]}}