{"id":7907,"date":"2014-08-27T12:26:38","date_gmt":"2014-08-27T09:26:38","guid":{"rendered":"http:\/\/www.sana.sy\/es\/?p=7907"},"modified":"2014-08-27T18:17:41","modified_gmt":"2014-08-27T15:17:41","slug":"al-halaki-la-mujer-siria-tiene-grandes-tareas-que-cumplir-para-enfrentar-la-invasion-intelectual-destructiva","status":"publish","type":"post","link":"https:\/\/archive.sana.sy\/es\/?p=7907","title":{"rendered":"Al-Halaki: la mujer siria tiene grandes tareas que cumplir para enfrentar la invasi\u00f3n intelectual destructiva"},"content":{"rendered":"<div style=\"color: #000000\"><span lang=\"ES-TRAD\" style=\"color: #ff0000\">Damasco, SANA<\/span><\/div>\n<div style=\"color: #000000\"><\/div>\n<div style=\"color: #000000\"><span lang=\"ES-TRAD\">El asignado Primer Ministro, Wael al-Halaki, afirm\u00f3 que la Federaci\u00f3n General de Mujeres ha mostrado su eficiencia desde su creaci\u00f3n, y ha contribuido a la profundizaci\u00f3n de la conciencia de las mujeres sirias y fomentar sus capacidades en todas las \u00e1reas.<\/span><\/div>\n<div style=\"color: #000000\"><\/div>\n<div style=\"color: #000000\"><span lang=\"ES-TRAD\">Durante una reuni\u00f3n con los miembros de la Oficina Ejecutiva de la Federaci\u00f3n General de Mujeres, al-Halaki\u00a0\u00a0hizo alusi\u00f3n a la contribuci\u00f3n de la Uni\u00f3n de Mujeres en los proyectos de desarrollo en el campo y la ciudad, y agreg\u00f3 que la mujer siria demostr\u00f3 su presencia a trav\u00e9s de su insistencia a obtener la ciencia y el conocimiento.<\/span><\/div>\n<div style=\"color: #000000\"><\/div>\n<div style=\"color: #000000\"><span lang=\"ES-TRAD\">Asimismo, se refiri\u00f3 a las importantes tareas que caen sobre la mujer siria en esta etapa para hacer frente a la invasi\u00f3n cultural e intelectual, destructiva y devastadora.<\/span><\/div>\n<div style=\"color: #000000\"><\/div>\n<div style=\"color: #000000\"><span style=\"color: #00ccff\">Fady M., Hala B.<\/span><\/div>\n<div class=\"yj6qo ajU\" style=\"color: #000000\">\n<div id=\":11o\" class=\"ajR\"><img decoding=\"async\" class=\"ajT\" src=\"https:\/\/ssl.gstatic.com\/ui\/v1\/icons\/mail\/images\/cleardot.gif\" alt=\"\" \/><\/div>\n<\/div>\n","protected":false},"excerpt":{"rendered":"<p>Damasco, SANA El asignado Primer Ministro, Wael al-Halaki, afirm\u00f3 que la Federaci\u00f3n General de Mujeres ha mostrado su eficiencia desde su creaci\u00f3n, y ha contribuido a la profundizaci\u00f3n de la conciencia de las mujeres sirias y fomentar sus capacidades en todas las \u00e1reas. Durante una reuni\u00f3n con los miembros de la Oficina Ejecutiva de la &hellip;<\/p>\n","protected":false},"author":1,"featured_media":7908,"comment_status":"closed","ping_status":"closed","sticky":false,"template":"","format":"standard","meta":{"footnotes":""},"categories":[597,476],"tags":[1805],"class_list":["post-7907","post","type-post","status-publish","format-standard","has-post-thumbnail","","category-cinta-de-noticias","category-locales","tag-al-halaki-la-mujer-siria-tiene-grandes-tareas-que-cumplir-para-enfrentar-la-invasion-intelectual-destructiva"],"_links":{"self":[{"href":"https:\/\/archive.sana.sy\/es\/index.php?rest_route=\/wp\/v2\/posts\/7907"}],"collection":[{"href":"https:\/\/archive.sana.sy\/es\/index.php?rest_route=\/wp\/v2\/posts"}],"about":[{"href":"https:\/\/archive.sana.sy\/es\/index.php?rest_route=\/wp\/v2\/types\/post"}],"author":[{"embeddable":true,"href":"https:\/\/archive.sana.sy\/es\/index.php?rest_route=\/wp\/v2\/users\/1"}],"replies":[{"embeddable":true,"href":"https:\/\/archive.sana.sy\/es\/index.php?rest_route=%2Fwp%2Fv2%2Fcomments&post=7907"}],"version-history":[{"count":0,"href":"https:\/\/archive.sana.sy\/es\/index.php?rest_route=\/wp\/v2\/posts\/7907\/revisions"}],"wp:featuredmedia":[{"embeddable":true,"href":"https:\/\/archive.sana.sy\/es\/index.php?rest_route=\/wp\/v2\/media\/7908"}],"wp:attachment":[{"href":"https:\/\/archive.sana.sy\/es\/index.php?rest_route=%2Fwp%2Fv2%2Fmedia&parent=7907"}],"wp:term":[{"taxonomy":"category","embeddable":true,"href":"https:\/\/archive.sana.sy\/es\/index.php?rest_route=%2Fwp%2Fv2%2Fcategories&post=7907"},{"taxonomy":"post_tag","embeddable":true,"href":"https:\/\/archive.sana.sy\/es\/index.php?rest_route=%2Fwp%2Fv2%2Ftags&post=7907"}],"curies":[{"name":"wp","href":"https:\/\/api.w.org\/{rel}","templated":true}]}}