{"id":79586,"date":"2018-03-28T17:10:22","date_gmt":"2018-03-28T15:10:22","guid":{"rendered":"https:\/\/www.sana.sy\/es\/?p=79586"},"modified":"2018-03-28T20:53:45","modified_gmt":"2018-03-28T18:53:45","slug":"preparan-30-autobuses-para-trasladar-a-1723-personas-entre-ellos-398-armados-hacia-idleb","status":"publish","type":"post","link":"https:\/\/archive.sana.sy\/es\/?p=79586","title":{"rendered":"Preparan 69 autobuses para trasladar a 4108 personas, entre ellos 1017 armados hacia Idleb"},"content":{"rendered":"<p><span style=\"color: #800000\">Damasco-campo, SANA<\/span><\/p>\n<p>Ha continuado este mi\u00e9rcoles el proceso de evacuaci\u00f3n de los terroristas junto con sus familias de Jobar, Zamalka, Erbin y Ein Tarma mediante el paso de Erbin con rumbo a Idleb a fin de convertir a dichas localidades en Ghouta Oriental en zonas libre de toda manifestaci\u00f3n armada.<\/p>\n<p>En este marco, el reportero de SANA inform\u00f3 que unos 69 autobuses han sido preparados para trasladar a 4108 personas, entre ellos 1017 armados, de Yobar, Zamalka, Erbin, y Ein Tarma a Idleb.<\/p>\n<p>A\u00f1adi\u00f3 que desde las primeras horas de la ma\u00f1ana, el Ej\u00e9rcito sirio y las autoridades competentes en colaboraci\u00f3n con la Media Luna Roja \u00c1rabe Siria, han terminado todas las medidas encaminadas a evacuar el quinto lote de los terroristas que se negaron la reconciliaci\u00f3n de las zonas antes mencionadas.<\/p>\n<p>Los autobuses que transportan a los terroristas ser\u00e1n acompa\u00f1ados por patrullas de las autoridades competentes sirias, y ambulancias que llevar\u00e1n a ciertos terroristas enfermos o heridos, mencion\u00f3 el reportero.<\/p>\n<p>Ayer, 101 autobuses con 6432 personas, entre ellos 1521 terroristas, de Yobar, Zamalka, Erbin, y Ein Tarma han zarpado rumbo hacia Idleb bajo la supervisi\u00f3n de la Media Luna Roja \u00c1rabe Siria.<\/p>\n<p>Anteayer, el Ej\u00e9rcito sirio liber\u00f3 a 28 secuestrados que fueron retenidos por los terroristas en Erbin.<\/p>\n<div id='gallery-1' class='gallery galleryid-79586 gallery-columns-3 gallery-size-thumbnail'><figure class='gallery-item'>\n\t\t\t<div class='gallery-icon landscape'>\n\t\t\t\t<a href='https:\/\/archive.sana.sy\/es\/wp-content\/uploads\/2018\/03\/Autobuses-armados-Ghouta-28.03.2018.jpg'><img loading=\"lazy\" decoding=\"async\" width=\"150\" height=\"84\" src=\"https:\/\/archive.sana.sy\/es\/wp-content\/uploads\/2018\/03\/Autobuses-armados-Ghouta-28.03.2018-150x84.jpg\" class=\"attachment-thumbnail size-thumbnail\" alt=\"\" srcset=\"https:\/\/archive.sana.sy\/es\/wp-content\/uploads\/2018\/03\/Autobuses-armados-Ghouta-28.03.2018-150x84.jpg 150w, https:\/\/archive.sana.sy\/es\/wp-content\/uploads\/2018\/03\/Autobuses-armados-Ghouta-28.03.2018-300x168.jpg 300w, https:\/\/archive.sana.sy\/es\/wp-content\/uploads\/2018\/03\/Autobuses-armados-Ghouta-28.03.2018.jpg 660w\" sizes=\"(max-width: 150px) 100vw, 150px\" \/><\/a>\n\t\t\t<\/div><\/figure><figure class='gallery-item'>\n\t\t\t<div class='gallery-icon landscape'>\n\t\t\t\t<a href='https:\/\/archive.sana.sy\/es\/wp-content\/uploads\/2018\/03\/Autobuses-armados-Ghouta-2-28.03.2018.jpg'><img loading=\"lazy\" decoding=\"async\" width=\"150\" height=\"84\" src=\"https:\/\/archive.sana.sy\/es\/wp-content\/uploads\/2018\/03\/Autobuses-armados-Ghouta-2-28.03.2018-150x84.jpg\" class=\"attachment-thumbnail size-thumbnail\" alt=\"\" srcset=\"https:\/\/archive.sana.sy\/es\/wp-content\/uploads\/2018\/03\/Autobuses-armados-Ghouta-2-28.03.2018-150x84.jpg 150w, https:\/\/archive.sana.sy\/es\/wp-content\/uploads\/2018\/03\/Autobuses-armados-Ghouta-2-28.03.2018-300x168.jpg 300w, https:\/\/archive.sana.sy\/es\/wp-content\/uploads\/2018\/03\/Autobuses-armados-Ghouta-2-28.03.2018.jpg 660w\" sizes=\"(max-width: 150px) 100vw, 150px\" \/><\/a>\n\t\t\t<\/div><\/figure><figure class='gallery-item'>\n\t\t\t<div class='gallery-icon landscape'>\n\t\t\t\t<a href='https:\/\/archive.sana.sy\/es\/wp-content\/uploads\/2018\/03\/Autobuses-armados-Ghouta-3-28.03.2018.jpg'><img loading=\"lazy\" decoding=\"async\" width=\"150\" height=\"84\" src=\"https:\/\/archive.sana.sy\/es\/wp-content\/uploads\/2018\/03\/Autobuses-armados-Ghouta-3-28.03.2018-150x84.jpg\" class=\"attachment-thumbnail size-thumbnail\" alt=\"\" srcset=\"https:\/\/archive.sana.sy\/es\/wp-content\/uploads\/2018\/03\/Autobuses-armados-Ghouta-3-28.03.2018-150x84.jpg 150w, https:\/\/archive.sana.sy\/es\/wp-content\/uploads\/2018\/03\/Autobuses-armados-Ghouta-3-28.03.2018-300x168.jpg 300w, https:\/\/archive.sana.sy\/es\/wp-content\/uploads\/2018\/03\/Autobuses-armados-Ghouta-3-28.03.2018.jpg 660w\" sizes=\"(max-width: 150px) 100vw, 150px\" \/><\/a>\n\t\t\t<\/div><\/figure><figure class='gallery-item'>\n\t\t\t<div class='gallery-icon landscape'>\n\t\t\t\t<a href='https:\/\/archive.sana.sy\/es\/wp-content\/uploads\/2018\/03\/Autobuses-armados-Ghouta-4-28.03.2018.jpg'><img loading=\"lazy\" decoding=\"async\" width=\"150\" height=\"84\" src=\"https:\/\/archive.sana.sy\/es\/wp-content\/uploads\/2018\/03\/Autobuses-armados-Ghouta-4-28.03.2018-150x84.jpg\" class=\"attachment-thumbnail size-thumbnail\" alt=\"\" srcset=\"https:\/\/archive.sana.sy\/es\/wp-content\/uploads\/2018\/03\/Autobuses-armados-Ghouta-4-28.03.2018-150x84.jpg 150w, https:\/\/archive.sana.sy\/es\/wp-content\/uploads\/2018\/03\/Autobuses-armados-Ghouta-4-28.03.2018-300x168.jpg 300w, https:\/\/archive.sana.sy\/es\/wp-content\/uploads\/2018\/03\/Autobuses-armados-Ghouta-4-28.03.2018.jpg 660w\" sizes=\"(max-width: 150px) 100vw, 150px\" \/><\/a>\n\t\t\t<\/div><\/figure>\n\t\t<\/div>\n\n<p>Lynn A.<\/p>\n","protected":false},"excerpt":{"rendered":"<p>Damasco-campo, SANA Ha continuado este mi\u00e9rcoles el proceso de evacuaci\u00f3n de los terroristas junto con sus familias de Jobar, Zamalka, Erbin y Ein Tarma mediante el paso de Erbin con rumbo a Idleb a fin de convertir a dichas localidades en Ghouta Oriental en zonas libre de toda manifestaci\u00f3n armada. En este marco, el reportero &hellip;<\/p>\n","protected":false},"author":24,"featured_media":79590,"comment_status":"closed","ping_status":"closed","sticky":false,"template":"","format":"standard","meta":{"footnotes":""},"categories":[597,573,583],"tags":[],"class_list":["post-79586","post","type-post","status-publish","format-standard","has-post-thumbnail","","category-cinta-de-noticias","category-la-realidad-de-los-acontecimientos-en-siria","category-slide"],"_links":{"self":[{"href":"https:\/\/archive.sana.sy\/es\/index.php?rest_route=\/wp\/v2\/posts\/79586"}],"collection":[{"href":"https:\/\/archive.sana.sy\/es\/index.php?rest_route=\/wp\/v2\/posts"}],"about":[{"href":"https:\/\/archive.sana.sy\/es\/index.php?rest_route=\/wp\/v2\/types\/post"}],"author":[{"embeddable":true,"href":"https:\/\/archive.sana.sy\/es\/index.php?rest_route=\/wp\/v2\/users\/24"}],"replies":[{"embeddable":true,"href":"https:\/\/archive.sana.sy\/es\/index.php?rest_route=%2Fwp%2Fv2%2Fcomments&post=79586"}],"version-history":[{"count":0,"href":"https:\/\/archive.sana.sy\/es\/index.php?rest_route=\/wp\/v2\/posts\/79586\/revisions"}],"wp:featuredmedia":[{"embeddable":true,"href":"https:\/\/archive.sana.sy\/es\/index.php?rest_route=\/wp\/v2\/media\/79590"}],"wp:attachment":[{"href":"https:\/\/archive.sana.sy\/es\/index.php?rest_route=%2Fwp%2Fv2%2Fmedia&parent=79586"}],"wp:term":[{"taxonomy":"category","embeddable":true,"href":"https:\/\/archive.sana.sy\/es\/index.php?rest_route=%2Fwp%2Fv2%2Fcategories&post=79586"},{"taxonomy":"post_tag","embeddable":true,"href":"https:\/\/archive.sana.sy\/es\/index.php?rest_route=%2Fwp%2Fv2%2Ftags&post=79586"}],"curies":[{"name":"wp","href":"https:\/\/api.w.org\/{rel}","templated":true}]}}