{"id":79678,"date":"2018-03-30T13:58:42","date_gmt":"2018-03-30T10:58:42","guid":{"rendered":"https:\/\/www.sana.sy\/es\/?p=79678"},"modified":"2018-03-30T18:16:39","modified_gmt":"2018-03-30T15:16:39","slug":"evacuados-nuevos-grupos-de-civiles-retenidos-por-terroristas-en-el-area-de-douma","status":"publish","type":"post","link":"https:\/\/archive.sana.sy\/es\/?p=79678","title":{"rendered":"Evacuados nuevos grupos de civiles retenidos por terroristas en el \u00e1rea de Douma"},"content":{"rendered":"<p><span style=\"color: #800000\">Rif Dimashq, SANA<\/span>&#8211; Nuevos grupos de civiles retenidos por grupos terroristas en el \u00e1rea de Douma contin\u00faan saliendo de Guta Oriental a trav\u00e9s del corredor humanitario del campo de al-Wafedeen, en las afueras del norte de Guta que ha sido establecido por el eEj\u00e9rcito sirio el 27 de febrero.<\/p>\n<p>&#8220;Cientos de civiles, la mayor\u00eda de los cuales son mujeres y ni\u00f1os, abandonaron el \u00e1rea a trav\u00e9s del corredor humanitario asignado para este prop\u00f3sito, donde el ej\u00e9rcito, en cooperaci\u00f3n con la Media Luna Roja \u00c1rabe Siria y equipos de Defensa Civil, les proporcionaron sus necesidades antes de ser transportados a los centros de estancia temporal&#8221;, informa el reportero de SANA.<\/p>\n<p>El jueves, 1043 civiles salieron del \u00e1rea de Douma y fueron transportados a centros de alojamiento temporal en el campo de Damasco.<\/p>\n<p>Una fuente militar anunci\u00f3 en una declaraci\u00f3n que hasta la noche del pasado jueves m\u00e1s de 143,000 personas abandonaron el \u00e1rea de Guta Oriental a trav\u00e9s de los corredores abiertos por el Ej\u00e9rcito \u00c1rabe Sirio.<\/p>\n<p>La fuente se\u00f1al\u00f3 que alrededor de 29 mil civiles han abandonado el \u00e1rea de la Duma en los \u00faltimos d\u00edas a trav\u00e9s del paso humanitario abierto por el Ej\u00e9rcito sirio en el campo de al-Wafedeen.<\/p>\n<p>El Ej\u00e9rcito sirio abri\u00f3 4 corredores en Jisreen, Hammouriyeh, al-Wafedeen Campo y Harasta para garantizar la salida de los civiles sitiados por los grupos terroristas en la zona de Guta. El s\u00e1bado, se abri\u00f3 otro corredor en Erbin para evacuar a los terroristas y sus familias de Ein Tarma, Zamalka, Erbin y Jobar y transportarlos a la provincia de Idleb.<\/p>\n<p>El jueves, el sexto grupo de terroristas y sus familias partieron hacia Idleb. 128 autobuses con 7003 personas, incluidos 1243 terroristas de Jobar, Zamalka, Erbin y Ein Tarma en el este de Ghouta, se dirigieron a Idleb bajo la supervisi\u00f3n de la Media Luna Roja \u00c1rabe Siria (SARC).<\/p>\n<p>&nbsp;<\/p>\n<p><a href=\"https:\/\/www.sana.sy\/es\/?attachment_id=79680\" rel=\"attachment wp-att-79680\"><img loading=\"lazy\" decoding=\"async\" class=\"alignnone size-medium wp-image-79680\" src=\"https:\/\/www.sana.sy\/es\/wp-content\/uploads\/2018\/03\/6-18-300x169.jpg\" alt=\"\" width=\"300\" height=\"169\" srcset=\"https:\/\/archive.sana.sy\/es\/wp-content\/uploads\/2018\/03\/6-18.jpg 300w, https:\/\/archive.sana.sy\/es\/wp-content\/uploads\/2018\/03\/6-18-150x85.jpg 150w\" sizes=\"(max-width: 300px) 100vw, 300px\" \/><\/a><\/p>\n<p>&nbsp;<\/p>\n<p><a href=\"https:\/\/www.sana.sy\/es\/?attachment_id=79681\" rel=\"attachment wp-att-79681\"><img loading=\"lazy\" decoding=\"async\" class=\"alignnone size-medium wp-image-79681\" src=\"https:\/\/www.sana.sy\/es\/wp-content\/uploads\/2018\/03\/7-14-300x169.jpg\" alt=\"\" width=\"300\" height=\"169\" srcset=\"https:\/\/archive.sana.sy\/es\/wp-content\/uploads\/2018\/03\/7-14.jpg 300w, https:\/\/archive.sana.sy\/es\/wp-content\/uploads\/2018\/03\/7-14-150x85.jpg 150w\" sizes=\"(max-width: 300px) 100vw, 300px\" \/><\/a><\/p>\n<p>&nbsp;<\/p>\n<p><a href=\"https:\/\/www.sana.sy\/es\/?attachment_id=79745\" rel=\"attachment wp-att-79745\"><img loading=\"lazy\" decoding=\"async\" class=\"alignnone size-medium wp-image-79745\" src=\"https:\/\/www.sana.sy\/es\/wp-content\/uploads\/2018\/03\/3-27-300x200.jpg\" alt=\"\" width=\"300\" height=\"200\" srcset=\"https:\/\/archive.sana.sy\/es\/wp-content\/uploads\/2018\/03\/3-27-300x200.jpg 300w, https:\/\/archive.sana.sy\/es\/wp-content\/uploads\/2018\/03\/3-27-150x100.jpg 150w, https:\/\/archive.sana.sy\/es\/wp-content\/uploads\/2018\/03\/3-27.jpg 768w\" sizes=\"(max-width: 300px) 100vw, 300px\" \/><\/a><\/p>\n<p>&nbsp;<\/p>\n<p><a href=\"https:\/\/www.sana.sy\/es\/?attachment_id=79746\" rel=\"attachment wp-att-79746\"><img loading=\"lazy\" decoding=\"async\" class=\"alignnone size-medium wp-image-79746\" src=\"https:\/\/www.sana.sy\/es\/wp-content\/uploads\/2018\/03\/4-21-300x200.jpg\" alt=\"\" width=\"300\" height=\"200\" srcset=\"https:\/\/archive.sana.sy\/es\/wp-content\/uploads\/2018\/03\/4-21-300x200.jpg 300w, https:\/\/archive.sana.sy\/es\/wp-content\/uploads\/2018\/03\/4-21-150x100.jpg 150w, https:\/\/archive.sana.sy\/es\/wp-content\/uploads\/2018\/03\/4-21.jpg 768w\" sizes=\"(max-width: 300px) 100vw, 300px\" \/><\/a><\/p>\n<p>&nbsp;<\/p>\n<p><a href=\"https:\/\/www.sana.sy\/es\/?attachment_id=79747\" rel=\"attachment wp-att-79747\"><img loading=\"lazy\" decoding=\"async\" class=\"alignnone size-medium wp-image-79747\" src=\"https:\/\/www.sana.sy\/es\/wp-content\/uploads\/2018\/03\/5-24-300x200.jpg\" alt=\"\" width=\"300\" height=\"200\" srcset=\"https:\/\/archive.sana.sy\/es\/wp-content\/uploads\/2018\/03\/5-24-300x200.jpg 300w, https:\/\/archive.sana.sy\/es\/wp-content\/uploads\/2018\/03\/5-24-150x100.jpg 150w, https:\/\/archive.sana.sy\/es\/wp-content\/uploads\/2018\/03\/5-24.jpg 768w\" sizes=\"(max-width: 300px) 100vw, 300px\" \/><\/a><\/p>\n<p>&nbsp;<\/p>\n<p><a href=\"https:\/\/www.sana.sy\/es\/?attachment_id=79748\" rel=\"attachment wp-att-79748\"><img loading=\"lazy\" decoding=\"async\" class=\"alignnone size-medium wp-image-79748\" src=\"https:\/\/www.sana.sy\/es\/wp-content\/uploads\/2018\/03\/6-21-300x200.jpg\" alt=\"\" width=\"300\" height=\"200\" srcset=\"https:\/\/archive.sana.sy\/es\/wp-content\/uploads\/2018\/03\/6-21-300x200.jpg 300w, https:\/\/archive.sana.sy\/es\/wp-content\/uploads\/2018\/03\/6-21-150x100.jpg 150w, https:\/\/archive.sana.sy\/es\/wp-content\/uploads\/2018\/03\/6-21.jpg 768w\" sizes=\"(max-width: 300px) 100vw, 300px\" \/><\/a><\/p>\n<p>M\/Miri<\/p>\n","protected":false},"excerpt":{"rendered":"<p>Rif Dimashq, SANA&#8211; Nuevos grupos de civiles retenidos por grupos terroristas en el \u00e1rea de Douma contin\u00faan saliendo de Guta Oriental a trav\u00e9s del corredor humanitario del campo de al-Wafedeen, en las afueras del norte de Guta que ha sido establecido por el eEj\u00e9rcito sirio el 27 de febrero. &#8220;Cientos de civiles, la mayor\u00eda de &hellip;<\/p>\n","protected":false},"author":1,"featured_media":79744,"comment_status":"closed","ping_status":"closed","sticky":false,"template":"","format":"standard","meta":{"footnotes":""},"categories":[477,597,476,583],"tags":[],"class_list":["post-79678","post","type-post","status-publish","format-standard","has-post-thumbnail","","category-noticias-edulcorantes","category-cinta-de-noticias","category-locales","category-slide"],"_links":{"self":[{"href":"https:\/\/archive.sana.sy\/es\/index.php?rest_route=\/wp\/v2\/posts\/79678"}],"collection":[{"href":"https:\/\/archive.sana.sy\/es\/index.php?rest_route=\/wp\/v2\/posts"}],"about":[{"href":"https:\/\/archive.sana.sy\/es\/index.php?rest_route=\/wp\/v2\/types\/post"}],"author":[{"embeddable":true,"href":"https:\/\/archive.sana.sy\/es\/index.php?rest_route=\/wp\/v2\/users\/1"}],"replies":[{"embeddable":true,"href":"https:\/\/archive.sana.sy\/es\/index.php?rest_route=%2Fwp%2Fv2%2Fcomments&post=79678"}],"version-history":[{"count":0,"href":"https:\/\/archive.sana.sy\/es\/index.php?rest_route=\/wp\/v2\/posts\/79678\/revisions"}],"wp:featuredmedia":[{"embeddable":true,"href":"https:\/\/archive.sana.sy\/es\/index.php?rest_route=\/wp\/v2\/media\/79744"}],"wp:attachment":[{"href":"https:\/\/archive.sana.sy\/es\/index.php?rest_route=%2Fwp%2Fv2%2Fmedia&parent=79678"}],"wp:term":[{"taxonomy":"category","embeddable":true,"href":"https:\/\/archive.sana.sy\/es\/index.php?rest_route=%2Fwp%2Fv2%2Fcategories&post=79678"},{"taxonomy":"post_tag","embeddable":true,"href":"https:\/\/archive.sana.sy\/es\/index.php?rest_route=%2Fwp%2Fv2%2Ftags&post=79678"}],"curies":[{"name":"wp","href":"https:\/\/api.w.org\/{rel}","templated":true}]}}