{"id":79688,"date":"2018-03-30T14:13:24","date_gmt":"2018-03-30T11:13:24","guid":{"rendered":"https:\/\/www.sana.sy\/es\/?p=79688"},"modified":"2018-03-30T14:13:24","modified_gmt":"2018-03-30T11:13:24","slug":"6-soldados-turcos-muertos-y-otros-7-heridos-en-un-ataque-armado-al-sureste-de-turquia","status":"publish","type":"post","link":"https:\/\/archive.sana.sy\/es\/?p=79688","title":{"rendered":"6 soldados turcos muertos y otros 7 heridos en un ataque armado al sureste de Turqu\u00eda"},"content":{"rendered":"<p><span style=\"color: #800000\">Ankara, SANA<\/span>&#8211; El n\u00famero de soldados turcos muertos en un ataque contra una base militar turca en el sureste de Turqu\u00eda ha aumentado a seis.<\/p>\n<p>Fuentes de seguridad turcas dijeron que el ataque tuvo como blanco una base militar en la provincia de Sirte, matando a seis soldados e hiriendo a otros siete, seg\u00fan informa AFP.<\/p>\n<p>Varios soldados turcos han sido muertos en el sureste de Turqu\u00eda en un momento en que las fuerzas turcas todav\u00eda est\u00e1n librando una violenta campa\u00f1a militar contra el sureste, matando e hiriendo a decenas de civiles.<\/p>\n<p>M\/Miri<\/p>\n","protected":false},"excerpt":{"rendered":"<p>Ankara, SANA&#8211; El n\u00famero de soldados turcos muertos en un ataque contra una base militar turca en el sureste de Turqu\u00eda ha aumentado a seis. Fuentes de seguridad turcas dijeron que el ataque tuvo como blanco una base militar en la provincia de Sirte, matando a seis soldados e hiriendo a otros siete, seg\u00fan informa &hellip;<\/p>\n","protected":false},"author":1,"featured_media":79689,"comment_status":"closed","ping_status":"closed","sticky":false,"template":"","format":"standard","meta":{"footnotes":""},"categories":[597,456,457,7541],"tags":[7512],"class_list":["post-79688","post","type-post","status-publish","format-standard","has-post-thumbnail","","category-cinta-de-noticias","category-arabe-internacional-politica","category-noticias-arabe-internacional-politica","category-ultimas-noticias","tag-turquia"],"_links":{"self":[{"href":"https:\/\/archive.sana.sy\/es\/index.php?rest_route=\/wp\/v2\/posts\/79688"}],"collection":[{"href":"https:\/\/archive.sana.sy\/es\/index.php?rest_route=\/wp\/v2\/posts"}],"about":[{"href":"https:\/\/archive.sana.sy\/es\/index.php?rest_route=\/wp\/v2\/types\/post"}],"author":[{"embeddable":true,"href":"https:\/\/archive.sana.sy\/es\/index.php?rest_route=\/wp\/v2\/users\/1"}],"replies":[{"embeddable":true,"href":"https:\/\/archive.sana.sy\/es\/index.php?rest_route=%2Fwp%2Fv2%2Fcomments&post=79688"}],"version-history":[{"count":0,"href":"https:\/\/archive.sana.sy\/es\/index.php?rest_route=\/wp\/v2\/posts\/79688\/revisions"}],"wp:featuredmedia":[{"embeddable":true,"href":"https:\/\/archive.sana.sy\/es\/index.php?rest_route=\/wp\/v2\/media\/79689"}],"wp:attachment":[{"href":"https:\/\/archive.sana.sy\/es\/index.php?rest_route=%2Fwp%2Fv2%2Fmedia&parent=79688"}],"wp:term":[{"taxonomy":"category","embeddable":true,"href":"https:\/\/archive.sana.sy\/es\/index.php?rest_route=%2Fwp%2Fv2%2Fcategories&post=79688"},{"taxonomy":"post_tag","embeddable":true,"href":"https:\/\/archive.sana.sy\/es\/index.php?rest_route=%2Fwp%2Fv2%2Ftags&post=79688"}],"curies":[{"name":"wp","href":"https:\/\/api.w.org\/{rel}","templated":true}]}}