{"id":79694,"date":"2018-03-30T14:31:09","date_gmt":"2018-03-30T11:31:09","guid":{"rendered":"https:\/\/www.sana.sy\/es\/?p=79694"},"modified":"2018-03-30T17:21:50","modified_gmt":"2018-03-30T14:21:50","slug":"mueren-2-soldados-de-la-coalicion-internacional-liderada-por-ee-uu-en-siria","status":"publish","type":"post","link":"https:\/\/archive.sana.sy\/es\/?p=79694","title":{"rendered":"Mueren 2 soldados de la \u201cCoalici\u00f3n Internacional\u201d liderada por EE.UU en Siria"},"content":{"rendered":"<p><span style=\"color: #800000\">Washington, SANA<\/span>&#8211; La llamada \u201cCoalici\u00f3n Internacional\u201d, liderada por Estados Unidos, anunci\u00f3 la muerte de dos de sus soldados, adem\u00e1s de otros cinco que resultaron heridos por explosi\u00f3n de una bomba en Siria, inform\u00f3 la agencia Reuters.<\/p>\n<p>&#8220;Dos soldados de la coalici\u00f3n murieron y otros cinco resultaron heridos cuando explot\u00f3 un artefacto explosivo ayer por la noche&#8221;, dijo la coalici\u00f3n, sin especificar sus nacionalidades, ni proporcionar m\u00e1s detalles con el pretexto de esperar los resultados de las investigaciones sobre el incidente.<\/p>\n<p>M\u00e1s tarde, dos funcionarios estadounidenses dijeron en un comunicado bajo condici\u00f3n de anonimato que uno de los soldados muertos es un ciudadano estadounidense.<\/p>\n<p>Los dos funcionarios confirmaron que las informaciones preliminares que hab\u00edan le\u00eddo indicaban que uno de los soldados muertos es norteamericano y que el incidente tuvo lugar cerca de la ciudad siria de Manbij.<\/p>\n<p>Desde agosto de 2014, Estados Unidos encabeza una coalici\u00f3n internacional sin la aprobaci\u00f3n del Consejo de Seguridad de la ONU, alegando que est\u00e1 combatiendo el terrorismo internacional en Siria, mientras que muchos hechos confirman que est\u00e1 atacando a la infraestructura para destruirla y est\u00e1 cometiendo masacres contra civiles.<\/p>\n<p>M\/Miri<\/p>\n","protected":false},"excerpt":{"rendered":"<p>Washington, SANA&#8211; La llamada \u201cCoalici\u00f3n Internacional\u201d, liderada por Estados Unidos, anunci\u00f3 la muerte de dos de sus soldados, adem\u00e1s de otros cinco que resultaron heridos por explosi\u00f3n de una bomba en Siria, inform\u00f3 la agencia Reuters. &#8220;Dos soldados de la coalici\u00f3n murieron y otros cinco resultaron heridos cuando explot\u00f3 un artefacto explosivo ayer por la &hellip;<\/p>\n","protected":false},"author":1,"featured_media":79695,"comment_status":"closed","ping_status":"closed","sticky":false,"template":"","format":"standard","meta":{"footnotes":""},"categories":[597,467,7541],"tags":[8916],"class_list":["post-79694","post","type-post","status-publish","format-standard","has-post-thumbnail","","category-cinta-de-noticias","category-siria-y-el-mundo","category-ultimas-noticias","tag-coalicion-internacional"],"_links":{"self":[{"href":"https:\/\/archive.sana.sy\/es\/index.php?rest_route=\/wp\/v2\/posts\/79694"}],"collection":[{"href":"https:\/\/archive.sana.sy\/es\/index.php?rest_route=\/wp\/v2\/posts"}],"about":[{"href":"https:\/\/archive.sana.sy\/es\/index.php?rest_route=\/wp\/v2\/types\/post"}],"author":[{"embeddable":true,"href":"https:\/\/archive.sana.sy\/es\/index.php?rest_route=\/wp\/v2\/users\/1"}],"replies":[{"embeddable":true,"href":"https:\/\/archive.sana.sy\/es\/index.php?rest_route=%2Fwp%2Fv2%2Fcomments&post=79694"}],"version-history":[{"count":0,"href":"https:\/\/archive.sana.sy\/es\/index.php?rest_route=\/wp\/v2\/posts\/79694\/revisions"}],"wp:featuredmedia":[{"embeddable":true,"href":"https:\/\/archive.sana.sy\/es\/index.php?rest_route=\/wp\/v2\/media\/79695"}],"wp:attachment":[{"href":"https:\/\/archive.sana.sy\/es\/index.php?rest_route=%2Fwp%2Fv2%2Fmedia&parent=79694"}],"wp:term":[{"taxonomy":"category","embeddable":true,"href":"https:\/\/archive.sana.sy\/es\/index.php?rest_route=%2Fwp%2Fv2%2Fcategories&post=79694"},{"taxonomy":"post_tag","embeddable":true,"href":"https:\/\/archive.sana.sy\/es\/index.php?rest_route=%2Fwp%2Fv2%2Ftags&post=79694"}],"curies":[{"name":"wp","href":"https:\/\/api.w.org\/{rel}","templated":true}]}}