{"id":79700,"date":"2018-03-30T15:02:29","date_gmt":"2018-03-30T12:02:29","guid":{"rendered":"https:\/\/www.sana.sy\/es\/?p=79700"},"modified":"2018-03-30T18:52:09","modified_gmt":"2018-03-30T15:52:09","slug":"12-camiones-cargados-con-alimentos-y-articulos-de-socorro-llegan-a-la-ciudad-de-ein-tarma","status":"publish","type":"post","link":"https:\/\/archive.sana.sy\/es\/?p=79700","title":{"rendered":"12 camiones cargados con alimentos y art\u00edculos de socorro llegan a la ciudad de Ein Tarma"},"content":{"rendered":"<p><span style=\"color: #800000\">Rif Dimashq, SANA<\/span>&#8211;\u00a012 camiones cargados con alimentos y art\u00edculos de socorro llegaron este viernes a la localidad de Ein Tarma, seg\u00fan informa el reportero de SANA.<\/p>\n<p>De acuerdo con la fuente, esta tarde entr\u00f3 a la localidad de Ein Tarma un convoy compuesto de 12 camiones cargados con toneladas de ayudas alimentarias y art\u00edculos de socorro, para ser repartidas a los vecinos de la localidad.<\/p>\n<p>Adem\u00e1s, una cl\u00ednica m\u00f3vil de la Media Luna Roja entr\u00f3 a la localidad a fin de proporcionar servicios de salud gratuitos a los lugare\u00f1os de la zona.<\/p>\n<p>&nbsp;<\/p>\n<p><a href=\"https:\/\/www.sana.sy\/es\/?attachment_id=79751\" rel=\"attachment wp-att-79751\"><img loading=\"lazy\" decoding=\"async\" class=\"alignnone size-medium wp-image-79751\" src=\"https:\/\/www.sana.sy\/es\/wp-content\/uploads\/2018\/03\/1-34-300x200.jpg\" alt=\"\" width=\"300\" height=\"200\" srcset=\"https:\/\/archive.sana.sy\/es\/wp-content\/uploads\/2018\/03\/1-34-300x200.jpg 300w, https:\/\/archive.sana.sy\/es\/wp-content\/uploads\/2018\/03\/1-34-150x100.jpg 150w, https:\/\/archive.sana.sy\/es\/wp-content\/uploads\/2018\/03\/1-34-768x511.jpg 768w, https:\/\/archive.sana.sy\/es\/wp-content\/uploads\/2018\/03\/1-34-1024x681.jpg 1024w, https:\/\/archive.sana.sy\/es\/wp-content\/uploads\/2018\/03\/1-34.jpg 1200w\" sizes=\"(max-width: 300px) 100vw, 300px\" \/><\/a><\/p>\n<p>&nbsp;<\/p>\n<p><a href=\"https:\/\/www.sana.sy\/es\/?attachment_id=79752\" rel=\"attachment wp-att-79752\"><img loading=\"lazy\" decoding=\"async\" class=\"alignnone size-medium wp-image-79752\" src=\"https:\/\/www.sana.sy\/es\/wp-content\/uploads\/2018\/03\/2-28-300x200.jpg\" alt=\"\" width=\"300\" height=\"200\" srcset=\"https:\/\/archive.sana.sy\/es\/wp-content\/uploads\/2018\/03\/2-28-300x200.jpg 300w, https:\/\/archive.sana.sy\/es\/wp-content\/uploads\/2018\/03\/2-28-150x100.jpg 150w, https:\/\/archive.sana.sy\/es\/wp-content\/uploads\/2018\/03\/2-28-768x511.jpg 768w, https:\/\/archive.sana.sy\/es\/wp-content\/uploads\/2018\/03\/2-28-1024x681.jpg 1024w, https:\/\/archive.sana.sy\/es\/wp-content\/uploads\/2018\/03\/2-28.jpg 1200w\" sizes=\"(max-width: 300px) 100vw, 300px\" \/><\/a><\/p>\n<p>&nbsp;<\/p>\n<p><a href=\"https:\/\/www.sana.sy\/es\/?attachment_id=79753\" rel=\"attachment wp-att-79753\"><img loading=\"lazy\" decoding=\"async\" class=\"alignnone size-medium wp-image-79753\" src=\"https:\/\/www.sana.sy\/es\/wp-content\/uploads\/2018\/03\/3-28-300x200.jpg\" alt=\"\" width=\"300\" height=\"200\" srcset=\"https:\/\/archive.sana.sy\/es\/wp-content\/uploads\/2018\/03\/3-28-300x200.jpg 300w, https:\/\/archive.sana.sy\/es\/wp-content\/uploads\/2018\/03\/3-28-150x100.jpg 150w, https:\/\/archive.sana.sy\/es\/wp-content\/uploads\/2018\/03\/3-28-768x511.jpg 768w, https:\/\/archive.sana.sy\/es\/wp-content\/uploads\/2018\/03\/3-28-1024x681.jpg 1024w, https:\/\/archive.sana.sy\/es\/wp-content\/uploads\/2018\/03\/3-28.jpg 1200w\" sizes=\"(max-width: 300px) 100vw, 300px\" \/><\/a><\/p>\n<p>&nbsp;<\/p>\n<p><a href=\"https:\/\/www.sana.sy\/es\/?attachment_id=79754\" rel=\"attachment wp-att-79754\"><img loading=\"lazy\" decoding=\"async\" class=\"alignnone size-medium wp-image-79754\" src=\"https:\/\/www.sana.sy\/es\/wp-content\/uploads\/2018\/03\/4-22-300x200.jpg\" alt=\"\" width=\"300\" height=\"200\" srcset=\"https:\/\/archive.sana.sy\/es\/wp-content\/uploads\/2018\/03\/4-22-300x200.jpg 300w, https:\/\/archive.sana.sy\/es\/wp-content\/uploads\/2018\/03\/4-22-150x100.jpg 150w, https:\/\/archive.sana.sy\/es\/wp-content\/uploads\/2018\/03\/4-22-768x511.jpg 768w, https:\/\/archive.sana.sy\/es\/wp-content\/uploads\/2018\/03\/4-22-1024x681.jpg 1024w, https:\/\/archive.sana.sy\/es\/wp-content\/uploads\/2018\/03\/4-22.jpg 1200w\" sizes=\"(max-width: 300px) 100vw, 300px\" \/><\/a><\/p>\n<p>&nbsp;<\/p>\n<p><a href=\"https:\/\/www.sana.sy\/es\/?attachment_id=79755\" rel=\"attachment wp-att-79755\"><img loading=\"lazy\" decoding=\"async\" class=\"alignnone size-medium wp-image-79755\" src=\"https:\/\/www.sana.sy\/es\/wp-content\/uploads\/2018\/03\/5-25-300x200.jpg\" alt=\"\" width=\"300\" height=\"200\" srcset=\"https:\/\/archive.sana.sy\/es\/wp-content\/uploads\/2018\/03\/5-25-300x200.jpg 300w, https:\/\/archive.sana.sy\/es\/wp-content\/uploads\/2018\/03\/5-25-150x100.jpg 150w, https:\/\/archive.sana.sy\/es\/wp-content\/uploads\/2018\/03\/5-25-768x511.jpg 768w, https:\/\/archive.sana.sy\/es\/wp-content\/uploads\/2018\/03\/5-25-1024x681.jpg 1024w, https:\/\/archive.sana.sy\/es\/wp-content\/uploads\/2018\/03\/5-25.jpg 1200w\" sizes=\"(max-width: 300px) 100vw, 300px\" \/><\/a><\/p>\n<p>&nbsp;<\/p>\n<p><a href=\"https:\/\/www.sana.sy\/es\/?attachment_id=79756\" rel=\"attachment wp-att-79756\"><img loading=\"lazy\" decoding=\"async\" class=\"alignnone size-medium wp-image-79756\" src=\"https:\/\/www.sana.sy\/es\/wp-content\/uploads\/2018\/03\/6-22-300x200.jpg\" alt=\"\" width=\"300\" height=\"200\" srcset=\"https:\/\/archive.sana.sy\/es\/wp-content\/uploads\/2018\/03\/6-22-300x200.jpg 300w, https:\/\/archive.sana.sy\/es\/wp-content\/uploads\/2018\/03\/6-22-150x100.jpg 150w, https:\/\/archive.sana.sy\/es\/wp-content\/uploads\/2018\/03\/6-22-768x511.jpg 768w, https:\/\/archive.sana.sy\/es\/wp-content\/uploads\/2018\/03\/6-22-1024x681.jpg 1024w, https:\/\/archive.sana.sy\/es\/wp-content\/uploads\/2018\/03\/6-22.jpg 1200w\" sizes=\"(max-width: 300px) 100vw, 300px\" \/><\/a><\/p>\n<p>&nbsp;<\/p>\n<p>M\/Miri<\/p>\n<p>&nbsp;<\/p>\n","protected":false},"excerpt":{"rendered":"<p>Rif Dimashq, SANA&#8211;\u00a012 camiones cargados con alimentos y art\u00edculos de socorro llegaron este viernes a la localidad de Ein Tarma, seg\u00fan informa el reportero de SANA. De acuerdo con la fuente, esta tarde entr\u00f3 a la localidad de Ein Tarma un convoy compuesto de 12 camiones cargados con toneladas de ayudas alimentarias y art\u00edculos de &hellip;<\/p>\n","protected":false},"author":1,"featured_media":79741,"comment_status":"closed","ping_status":"closed","sticky":false,"template":"","format":"standard","meta":{"footnotes":""},"categories":[597,583,7541],"tags":[],"class_list":["post-79700","post","type-post","status-publish","format-standard","has-post-thumbnail","","category-cinta-de-noticias","category-slide","category-ultimas-noticias"],"_links":{"self":[{"href":"https:\/\/archive.sana.sy\/es\/index.php?rest_route=\/wp\/v2\/posts\/79700"}],"collection":[{"href":"https:\/\/archive.sana.sy\/es\/index.php?rest_route=\/wp\/v2\/posts"}],"about":[{"href":"https:\/\/archive.sana.sy\/es\/index.php?rest_route=\/wp\/v2\/types\/post"}],"author":[{"embeddable":true,"href":"https:\/\/archive.sana.sy\/es\/index.php?rest_route=\/wp\/v2\/users\/1"}],"replies":[{"embeddable":true,"href":"https:\/\/archive.sana.sy\/es\/index.php?rest_route=%2Fwp%2Fv2%2Fcomments&post=79700"}],"version-history":[{"count":0,"href":"https:\/\/archive.sana.sy\/es\/index.php?rest_route=\/wp\/v2\/posts\/79700\/revisions"}],"wp:featuredmedia":[{"embeddable":true,"href":"https:\/\/archive.sana.sy\/es\/index.php?rest_route=\/wp\/v2\/media\/79741"}],"wp:attachment":[{"href":"https:\/\/archive.sana.sy\/es\/index.php?rest_route=%2Fwp%2Fv2%2Fmedia&parent=79700"}],"wp:term":[{"taxonomy":"category","embeddable":true,"href":"https:\/\/archive.sana.sy\/es\/index.php?rest_route=%2Fwp%2Fv2%2Fcategories&post=79700"},{"taxonomy":"post_tag","embeddable":true,"href":"https:\/\/archive.sana.sy\/es\/index.php?rest_route=%2Fwp%2Fv2%2Ftags&post=79700"}],"curies":[{"name":"wp","href":"https:\/\/api.w.org\/{rel}","templated":true}]}}