{"id":79732,"date":"2018-03-30T16:38:05","date_gmt":"2018-03-30T13:38:05","guid":{"rendered":"https:\/\/www.sana.sy\/es\/?p=79732"},"modified":"2018-03-30T17:00:15","modified_gmt":"2018-03-30T14:00:15","slug":"liga-de-academicos-musulmanes-en-el-libano-siria-vencio-al-terrorismo","status":"publish","type":"post","link":"https:\/\/archive.sana.sy\/es\/?p=79732","title":{"rendered":"Liga de Acad\u00e9micos Musulmanes en el L\u00edbano: Siria venci\u00f3 al terrorismo"},"content":{"rendered":"<p><span style=\"color: #800000\">Beirut, SANA<\/span>&#8211; La Liga de Acad\u00e9micos Musulmanes (Ulemas) en el L\u00edbano confirm\u00f3 que Siria venci\u00f3 al terrorismo y sus herramientas, elogiando el amparo del Gobierno sirio de los vecinos de Guta Oriental que huyeron de los cr\u00edmenes de las organizaciones terroristas afincadas all\u00ed.<\/p>\n<p>En su comunicado, la (Ulemas) subray\u00f3 los esfuerzos y las medidas adoptadas por los organismos del Gobierno sirio para facilitar el regreso de los ciudadanos sirios a sus zonas, donde el Ej\u00e9rcito \u00c1rabe Sirio restaur\u00f3 la seguridad y la estabilidad.<\/p>\n<p>Adem\u00e1s, la Liga de Acad\u00e9micos Musulmanes en el L\u00edbano conden\u00f3 todas las intervenciones extranjeras de Estados Unidos y Turqu\u00eda en los territorios sirios, se\u00f1alando que la decisi\u00f3n del presidente estadounidense Donald Trump de retirarse del territorio sirio es una evidencia del fracaso de la conspiraci\u00f3n global ejercida en contra de Siria.<\/p>\n<p>M\/Miri<\/p>\n","protected":false},"excerpt":{"rendered":"<p>Beirut, SANA&#8211; La Liga de Acad\u00e9micos Musulmanes (Ulemas) en el L\u00edbano confirm\u00f3 que Siria venci\u00f3 al terrorismo y sus herramientas, elogiando el amparo del Gobierno sirio de los vecinos de Guta Oriental que huyeron de los cr\u00edmenes de las organizaciones terroristas afincadas all\u00ed. En su comunicado, la (Ulemas) subray\u00f3 los esfuerzos y las medidas adoptadas &hellip;<\/p>\n","protected":false},"author":1,"featured_media":79739,"comment_status":"closed","ping_status":"closed","sticky":false,"template":"","format":"standard","meta":{"footnotes":""},"categories":[597,467],"tags":[11748],"class_list":["post-79732","post","type-post","status-publish","format-standard","has-post-thumbnail","","category-cinta-de-noticias","category-siria-y-el-mundo","tag-liga-de-academicos-musulmanes-ulemas"],"_links":{"self":[{"href":"https:\/\/archive.sana.sy\/es\/index.php?rest_route=\/wp\/v2\/posts\/79732"}],"collection":[{"href":"https:\/\/archive.sana.sy\/es\/index.php?rest_route=\/wp\/v2\/posts"}],"about":[{"href":"https:\/\/archive.sana.sy\/es\/index.php?rest_route=\/wp\/v2\/types\/post"}],"author":[{"embeddable":true,"href":"https:\/\/archive.sana.sy\/es\/index.php?rest_route=\/wp\/v2\/users\/1"}],"replies":[{"embeddable":true,"href":"https:\/\/archive.sana.sy\/es\/index.php?rest_route=%2Fwp%2Fv2%2Fcomments&post=79732"}],"version-history":[{"count":0,"href":"https:\/\/archive.sana.sy\/es\/index.php?rest_route=\/wp\/v2\/posts\/79732\/revisions"}],"wp:featuredmedia":[{"embeddable":true,"href":"https:\/\/archive.sana.sy\/es\/index.php?rest_route=\/wp\/v2\/media\/79739"}],"wp:attachment":[{"href":"https:\/\/archive.sana.sy\/es\/index.php?rest_route=%2Fwp%2Fv2%2Fmedia&parent=79732"}],"wp:term":[{"taxonomy":"category","embeddable":true,"href":"https:\/\/archive.sana.sy\/es\/index.php?rest_route=%2Fwp%2Fv2%2Fcategories&post=79732"},{"taxonomy":"post_tag","embeddable":true,"href":"https:\/\/archive.sana.sy\/es\/index.php?rest_route=%2Fwp%2Fv2%2Ftags&post=79732"}],"curies":[{"name":"wp","href":"https:\/\/api.w.org\/{rel}","templated":true}]}}