{"id":79762,"date":"2018-03-31T12:40:48","date_gmt":"2018-03-31T09:40:48","guid":{"rendered":"https:\/\/www.sana.sy\/es\/?p=79762"},"modified":"2018-03-31T17:49:57","modified_gmt":"2018-03-31T14:49:57","slug":"preparaciones-para-evacuar-una-nueva-tanda-de-terroristas-con-sus-familiares-de-guta","status":"publish","type":"post","link":"https:\/\/archive.sana.sy\/es\/?p=79762","title":{"rendered":"Preparaciones para evacuar una nueva tanda de terroristas con sus familiares de Guta"},"content":{"rendered":"<p>&nbsp;<\/p>\n<p><span style=\"color: #800000;\">Damasco Campo\u2013SANA<\/span><\/p>\n<p>Contin\u00faan las preparaciones desde esta ma\u00f1ana para evacuar la octava tanda de terroristas de Jobar, Zamalka, Ein Tarma, y Erbin, con sus familiares de Guta oriental en Damasco Campo hacia la provincia de Idleb, con el fin de liberar estas zonas de los terroristas.<\/p>\n<p>Una fuente militar inform\u00f3 que m\u00e1s de 38 mil terroristas con sus familiares de Jobar, Zamalka, Erbin y Ein Tarma en Guta oriental salieron a trav\u00e9s del corredor de Erbin hacia Idleb hasta el momento.<\/p>\n<p>La fuente se\u00f1al\u00f3 que el n\u00famero de personas que salieron de Guta oriental hasta el momento lleg\u00f3 a m\u00e1s de 150 mil personas.<\/p>\n<p>El corresponsal de SANA se\u00f1alo que los autobuses entran sucesivamente a la zona determinada a trav\u00e9s del corredor de Erbin, para evacuar a los terroristas con sus familiares a la provincia de Idleb.<\/p>\n<p>Las ambulancias de la Media Luna Roja siria acompa\u00f1an a los autobuses cuando entran en las zonas de despliegue de los grupos terroristas, para supervisar el proceso de preparar los autobuses y llevarlos hacia el corredor de Erbin, donde ser\u00e1n registrados, luego se agrupan en la autopista de Harasta para dirigirse hacia Idleb.<\/p>\n<p><img loading=\"lazy\" decoding=\"async\" class=\"alignnone size-full wp-image-79815\" src=\"https:\/\/www.sana.sy\/es\/wp-content\/uploads\/2018\/03\/2-507-150x150.jpg\" alt=\"\" width=\"150\" height=\"150\" \/> <img loading=\"lazy\" decoding=\"async\" class=\"alignnone size-medium wp-image-79816\" src=\"https:\/\/www.sana.sy\/es\/wp-content\/uploads\/2018\/03\/3-351-150x150.jpg\" alt=\"\" width=\"150\" height=\"150\" \/> <img loading=\"lazy\" decoding=\"async\" class=\"alignnone size-medium wp-image-79817\" src=\"https:\/\/www.sana.sy\/es\/wp-content\/uploads\/2018\/03\/4-278-150x150.jpg\" alt=\"\" width=\"150\" height=\"150\" \/><\/p>\n<p><span style=\"color: #0000ff;\">Akram. S<\/span><\/p>\n","protected":false},"excerpt":{"rendered":"<p>&nbsp; Damasco Campo\u2013SANA Contin\u00faan las preparaciones desde esta ma\u00f1ana para evacuar la octava tanda de terroristas de Jobar, Zamalka, Ein Tarma, y Erbin, con sus familiares de Guta oriental en Damasco Campo hacia la provincia de Idleb, con el fin de liberar estas zonas de los terroristas. Una fuente militar inform\u00f3 que m\u00e1s de 38 &hellip;<\/p>\n","protected":false},"author":1,"featured_media":79763,"comment_status":"closed","ping_status":"closed","sticky":false,"template":"","format":"standard","meta":{"footnotes":""},"categories":[597,573,476,583,7541],"tags":[],"class_list":["post-79762","post","type-post","status-publish","format-standard","has-post-thumbnail","","category-cinta-de-noticias","category-la-realidad-de-los-acontecimientos-en-siria","category-locales","category-slide","category-ultimas-noticias"],"_links":{"self":[{"href":"https:\/\/archive.sana.sy\/es\/index.php?rest_route=\/wp\/v2\/posts\/79762"}],"collection":[{"href":"https:\/\/archive.sana.sy\/es\/index.php?rest_route=\/wp\/v2\/posts"}],"about":[{"href":"https:\/\/archive.sana.sy\/es\/index.php?rest_route=\/wp\/v2\/types\/post"}],"author":[{"embeddable":true,"href":"https:\/\/archive.sana.sy\/es\/index.php?rest_route=\/wp\/v2\/users\/1"}],"replies":[{"embeddable":true,"href":"https:\/\/archive.sana.sy\/es\/index.php?rest_route=%2Fwp%2Fv2%2Fcomments&post=79762"}],"version-history":[{"count":0,"href":"https:\/\/archive.sana.sy\/es\/index.php?rest_route=\/wp\/v2\/posts\/79762\/revisions"}],"wp:featuredmedia":[{"embeddable":true,"href":"https:\/\/archive.sana.sy\/es\/index.php?rest_route=\/wp\/v2\/media\/79763"}],"wp:attachment":[{"href":"https:\/\/archive.sana.sy\/es\/index.php?rest_route=%2Fwp%2Fv2%2Fmedia&parent=79762"}],"wp:term":[{"taxonomy":"category","embeddable":true,"href":"https:\/\/archive.sana.sy\/es\/index.php?rest_route=%2Fwp%2Fv2%2Fcategories&post=79762"},{"taxonomy":"post_tag","embeddable":true,"href":"https:\/\/archive.sana.sy\/es\/index.php?rest_route=%2Fwp%2Fv2%2Ftags&post=79762"}],"curies":[{"name":"wp","href":"https:\/\/api.w.org\/{rel}","templated":true}]}}