{"id":79765,"date":"2018-03-31T12:56:13","date_gmt":"2018-03-31T09:56:13","guid":{"rendered":"https:\/\/www.sana.sy\/es\/?p=79765"},"modified":"2018-03-31T17:38:49","modified_gmt":"2018-03-31T14:38:49","slug":"el-ejercito-asegura-la-salida-de-nuevos-grupos-de-civiles-retenidos-por-los-terroristas-en-douma","status":"publish","type":"post","link":"https:\/\/archive.sana.sy\/es\/?p=79765","title":{"rendered":"El Ej\u00e9rcito asegura la salida de nuevos grupos de civiles retenidos por los terroristas en Douma"},"content":{"rendered":"<p>&nbsp;<\/p>\n<p><span style=\"color: #800000;\">Damasco campo- SANA<\/span><\/p>\n<p>Nuevos grupos de civiles retenidos por los grupos terroristas en la zona de Douma, en Guta oriental, salieron a trav\u00e9s del corredor seguro abierto por el Ej\u00e9rcito sirio el pasado 27 de febrero.<\/p>\n<p>El corresponsal de SANA al campamento de al Wafidin inform\u00f3 que un nuevo grupo de civiles de Douma, en su mayor\u00eda ni\u00f1os y mujeres, salieron a trav\u00e9s del corredor seguro, donde unidades del Ej\u00e9rcito sirio en colaboraci\u00f3n con la Media Luna Roja los atendieron, y los trasladaron a centros de alojamiento temporal.<\/p>\n<p>Una fuente militar inform\u00f3 que m\u00e1s de 150 mil personas de Guta oriental salieron hasta el momento a trav\u00e9s de los corredores abiertos por el Ej\u00e9rcito sirio.<\/p>\n<p>Desde hace varios d\u00edas, la ciudad de Douma es escenario de protestas que exigen a los terroristas del \u201cEj\u00e9rcito del Islam\u201d abandonar la ciudad y dejar en libertad los secuestrados.<\/p>\n<p><img loading=\"lazy\" decoding=\"async\" class=\"aligncenter wp-image-79794 size-full\" src=\"https:\/\/www.sana.sy\/es\/wp-content\/uploads\/2018\/03\/3-357.jpg\" alt=\"\" width=\"660\" height=\"440\" srcset=\"https:\/\/archive.sana.sy\/es\/wp-content\/uploads\/2018\/03\/3-357.jpg 660w, https:\/\/archive.sana.sy\/es\/wp-content\/uploads\/2018\/03\/3-357-150x100.jpg 150w, https:\/\/archive.sana.sy\/es\/wp-content\/uploads\/2018\/03\/3-357-300x200.jpg 300w\" sizes=\"(max-width: 660px) 100vw, 660px\" \/><\/p>\n<p><img loading=\"lazy\" decoding=\"async\" class=\"aligncenter wp-image-79795 size-full\" src=\"https:\/\/www.sana.sy\/es\/wp-content\/uploads\/2018\/03\/2-516.jpg\" alt=\"\" width=\"660\" height=\"440\" srcset=\"https:\/\/archive.sana.sy\/es\/wp-content\/uploads\/2018\/03\/2-516.jpg 660w, https:\/\/archive.sana.sy\/es\/wp-content\/uploads\/2018\/03\/2-516-150x100.jpg 150w, https:\/\/archive.sana.sy\/es\/wp-content\/uploads\/2018\/03\/2-516-300x200.jpg 300w\" sizes=\"(max-width: 660px) 100vw, 660px\" \/><\/p>\n<p><img loading=\"lazy\" decoding=\"async\" class=\"aligncenter wp-image-79796 size-full\" src=\"https:\/\/www.sana.sy\/es\/wp-content\/uploads\/2018\/03\/1-931.jpg\" alt=\"\" width=\"660\" height=\"440\" srcset=\"https:\/\/archive.sana.sy\/es\/wp-content\/uploads\/2018\/03\/1-931.jpg 660w, https:\/\/archive.sana.sy\/es\/wp-content\/uploads\/2018\/03\/1-931-150x100.jpg 150w, https:\/\/archive.sana.sy\/es\/wp-content\/uploads\/2018\/03\/1-931-300x200.jpg 300w\" sizes=\"(max-width: 660px) 100vw, 660px\" \/><\/p>\n<p><img loading=\"lazy\" decoding=\"async\" class=\"aligncenter wp-image-79797 size-full\" src=\"https:\/\/www.sana.sy\/es\/wp-content\/uploads\/2018\/03\/4-284.jpg\" alt=\"\" width=\"660\" height=\"440\" srcset=\"https:\/\/archive.sana.sy\/es\/wp-content\/uploads\/2018\/03\/4-284.jpg 660w, https:\/\/archive.sana.sy\/es\/wp-content\/uploads\/2018\/03\/4-284-150x100.jpg 150w, https:\/\/archive.sana.sy\/es\/wp-content\/uploads\/2018\/03\/4-284-300x200.jpg 300w\" sizes=\"(max-width: 660px) 100vw, 660px\" \/><\/p>\n<p>&nbsp;<\/p>\n<p><span style=\"color: #0000ff;\">Akram. S<\/span><\/p>\n","protected":false},"excerpt":{"rendered":"<p>&nbsp; Damasco campo- SANA Nuevos grupos de civiles retenidos por los grupos terroristas en la zona de Douma, en Guta oriental, salieron a trav\u00e9s del corredor seguro abierto por el Ej\u00e9rcito sirio el pasado 27 de febrero. El corresponsal de SANA al campamento de al Wafidin inform\u00f3 que un nuevo grupo de civiles de Douma, &hellip;<\/p>\n","protected":false},"author":1,"featured_media":79793,"comment_status":"closed","ping_status":"closed","sticky":false,"template":"","format":"standard","meta":{"footnotes":""},"categories":[597,573,476,583,7541],"tags":[],"class_list":["post-79765","post","type-post","status-publish","format-standard","has-post-thumbnail","","category-cinta-de-noticias","category-la-realidad-de-los-acontecimientos-en-siria","category-locales","category-slide","category-ultimas-noticias"],"_links":{"self":[{"href":"https:\/\/archive.sana.sy\/es\/index.php?rest_route=\/wp\/v2\/posts\/79765"}],"collection":[{"href":"https:\/\/archive.sana.sy\/es\/index.php?rest_route=\/wp\/v2\/posts"}],"about":[{"href":"https:\/\/archive.sana.sy\/es\/index.php?rest_route=\/wp\/v2\/types\/post"}],"author":[{"embeddable":true,"href":"https:\/\/archive.sana.sy\/es\/index.php?rest_route=\/wp\/v2\/users\/1"}],"replies":[{"embeddable":true,"href":"https:\/\/archive.sana.sy\/es\/index.php?rest_route=%2Fwp%2Fv2%2Fcomments&post=79765"}],"version-history":[{"count":0,"href":"https:\/\/archive.sana.sy\/es\/index.php?rest_route=\/wp\/v2\/posts\/79765\/revisions"}],"wp:featuredmedia":[{"embeddable":true,"href":"https:\/\/archive.sana.sy\/es\/index.php?rest_route=\/wp\/v2\/media\/79793"}],"wp:attachment":[{"href":"https:\/\/archive.sana.sy\/es\/index.php?rest_route=%2Fwp%2Fv2%2Fmedia&parent=79765"}],"wp:term":[{"taxonomy":"category","embeddable":true,"href":"https:\/\/archive.sana.sy\/es\/index.php?rest_route=%2Fwp%2Fv2%2Fcategories&post=79765"},{"taxonomy":"post_tag","embeddable":true,"href":"https:\/\/archive.sana.sy\/es\/index.php?rest_route=%2Fwp%2Fv2%2Ftags&post=79765"}],"curies":[{"name":"wp","href":"https:\/\/api.w.org\/{rel}","templated":true}]}}