{"id":79928,"date":"2018-04-02T19:58:08","date_gmt":"2018-04-02T16:58:08","guid":{"rendered":"https:\/\/www.sana.sy\/es\/?p=79928"},"modified":"2018-04-02T19:58:08","modified_gmt":"2018-04-02T16:58:08","slug":"ushakov-afirma-que-rusia-iran-y-turquia-estan-de-acuerdo-de-que-no-hay-otra-alternativa-a-la-solucion-politica-de-la-crisis-siria","status":"publish","type":"post","link":"https:\/\/archive.sana.sy\/es\/?p=79928","title":{"rendered":"Ushakov afirma que Rusia, Ir\u00e1n y Turqu\u00eda est\u00e1n de acuerdo de que no hay otra alternativa a la soluci\u00f3n pol\u00edtica de la crisis siria"},"content":{"rendered":"<p>&nbsp;<\/p>\n<p><span style=\"color: #800000;\">Mosc\u00fa-SANA<\/span><\/p>\n<p>El asistente del presidente ruso, Yuri Ushakov, afirm\u00f3 que Rusia, Ir\u00e1n, y Turqu\u00eda, est\u00e1n de acuerdo de que no hay otra alternativa a la soluci\u00f3n pol\u00edtica de la crisis siria, y de que la decisi\u00f3n en este proceso es de los propios sirios.<\/p>\n<p>Los l\u00edderes de Rusia, Turqu\u00eda, e Ir\u00e1n, evaluar\u00e1n en la cumbre de Ankara, las zonas de distensi\u00f3n y la situaci\u00f3n actual en varias zonas, donde se experimenta una oleada de violencia por parte de los que est\u00e1n en contra de la soluci\u00f3n pol\u00edtica a la crisis, dijo Ushankov en una declaraci\u00f3n antes de la visita del presidente ruso a Ankara.<\/p>\n<p>Ushakov reiter\u00f3 que la cumbre confirma el apoyo a la soberan\u00eda y la independencia del territorio sirio, y que la reuni\u00f3n se centrar\u00e1 en adoptar las medidas necesarias para fortalecer la reforma constitucional en Siria, conforme a la resoluci\u00f3n de la Conferencia de Sochi.<\/p>\n<p><span style=\"color: #0000ff;\">Akram. S<\/span><\/p>\n","protected":false},"excerpt":{"rendered":"<p>&nbsp; Mosc\u00fa-SANA El asistente del presidente ruso, Yuri Ushakov, afirm\u00f3 que Rusia, Ir\u00e1n, y Turqu\u00eda, est\u00e1n de acuerdo de que no hay otra alternativa a la soluci\u00f3n pol\u00edtica de la crisis siria, y de que la decisi\u00f3n en este proceso es de los propios sirios. Los l\u00edderes de Rusia, Turqu\u00eda, e Ir\u00e1n, evaluar\u00e1n en la &hellip;<\/p>\n","protected":false},"author":1,"featured_media":79929,"comment_status":"closed","ping_status":"closed","sticky":false,"template":"","format":"standard","meta":{"footnotes":""},"categories":[597,467,7541],"tags":[],"class_list":["post-79928","post","type-post","status-publish","format-standard","has-post-thumbnail","","category-cinta-de-noticias","category-siria-y-el-mundo","category-ultimas-noticias"],"_links":{"self":[{"href":"https:\/\/archive.sana.sy\/es\/index.php?rest_route=\/wp\/v2\/posts\/79928"}],"collection":[{"href":"https:\/\/archive.sana.sy\/es\/index.php?rest_route=\/wp\/v2\/posts"}],"about":[{"href":"https:\/\/archive.sana.sy\/es\/index.php?rest_route=\/wp\/v2\/types\/post"}],"author":[{"embeddable":true,"href":"https:\/\/archive.sana.sy\/es\/index.php?rest_route=\/wp\/v2\/users\/1"}],"replies":[{"embeddable":true,"href":"https:\/\/archive.sana.sy\/es\/index.php?rest_route=%2Fwp%2Fv2%2Fcomments&post=79928"}],"version-history":[{"count":0,"href":"https:\/\/archive.sana.sy\/es\/index.php?rest_route=\/wp\/v2\/posts\/79928\/revisions"}],"wp:featuredmedia":[{"embeddable":true,"href":"https:\/\/archive.sana.sy\/es\/index.php?rest_route=\/wp\/v2\/media\/79929"}],"wp:attachment":[{"href":"https:\/\/archive.sana.sy\/es\/index.php?rest_route=%2Fwp%2Fv2%2Fmedia&parent=79928"}],"wp:term":[{"taxonomy":"category","embeddable":true,"href":"https:\/\/archive.sana.sy\/es\/index.php?rest_route=%2Fwp%2Fv2%2Fcategories&post=79928"},{"taxonomy":"post_tag","embeddable":true,"href":"https:\/\/archive.sana.sy\/es\/index.php?rest_route=%2Fwp%2Fv2%2Ftags&post=79928"}],"curies":[{"name":"wp","href":"https:\/\/api.w.org\/{rel}","templated":true}]}}