{"id":80158,"date":"2018-04-07T12:04:48","date_gmt":"2018-04-07T09:04:48","guid":{"rendered":"https:\/\/www.sana.sy\/es\/?p=80158"},"modified":"2018-04-07T17:18:16","modified_gmt":"2018-04-07T14:18:16","slug":"el-ejercito-sirio-ataca-a-los-focos-de-yesh-al-islam-en-duma-en-respuesta-a-sus-agresiones-contra-damasco","status":"publish","type":"post","link":"https:\/\/archive.sana.sy\/es\/?p=80158","title":{"rendered":"El Ej\u00e9rcito sirio irrumpe en las primeras l\u00edneas de los terrorisats del Ej\u00e9rcito del Islam en Duma"},"content":{"rendered":"<p>&nbsp;<\/p>\n<p><span style=\"color: #800000;\">Damasco- SANA<\/span><\/p>\n<p>Unidades del Ej\u00e9rcito sirio irrumpieron en las primeras l\u00edneas de los terroristas del Ej\u00e9rcito del Islam en las fincas de Duma, tras dirigir ataques concentrados causando un estado de colapso y caos en sus filas, inform\u00f3 \u00a0e<span style=\"line-height: 1.5;\">l enviado de SANA a las inmediaciones de Duma.<\/span><\/p>\n<p>Unidades del ejercito \u00e1rabe sirio golpearon intensivamente a los focos de los terroristas de \u201cYesh Al-Islam\u201d distribuidos en Duma en Al-Ghouta Oriental en respuesta a sus agresiones en cohetes contra los barrios residenciales de Damasco y sus alrededores.<\/p>\n<p>El corresponsal de SANA inform\u00f3 que la informaci\u00f3n que llega del terreno indica que el Ej\u00e9rcito contin\u00faa atacando a los terroristas del Ej\u00e9rcito del Islam con las armas adecuadas, hasta que detengan sus ataques con cohetes contra los barrios residenciales en Damasco, y cumplan el acuerdo de Duma, y ante todo la liberaci\u00f3n por completo de los secuestrados.<\/p>\n<p>Una fuente militar dijo a SANA que los terroristas de \u201cYaish Al-Islam\u201d y despu\u00e9s de haber obstaculizado el acuerdo de evacuarlos de la cuidad de Duma y la liberaci\u00f3n de los secuestrados por ellos, bombardearon el suburbio Al-Asad en Harasta y los civiles en el corredor de al-Wafidin, causando lesiones entre los civiles y p\u00e9rdidas materiales.<\/p>\n<p>La fuente militar se\u00f1al\u00f3 que la aviaci\u00f3n militar siria respondi\u00f3 a las fuentes de los cohetes lanzados por los terroristas, aclarando que los terroristas de \u201cYaish Al-Islam\u201d obstaculizan el acuerdo de Duma y se niegan a liberar a los secuestrados.<\/p>\n<p>Seg\u00fan el acuerdo de Duma, los terroristas de \u201cYaish Al-Islam\u201d deben ser enviados a Yarablos, arreglar las situaciones del resto con el estado sirio, y todas las instituciones del estado deben ser reinstauradas en Duma y todos los secuestrados civiles y militares ser\u00e1n entregados, adem\u00e1s a los cuerpos de los m\u00e1rtires, y que los terroristas entregar\u00e1n a sus armas pesadas y medianas al estado sirio.<\/p>\n<p>Los terroristas de \u201cYaish Al-Islam\u201d atacaron con cohetes a los barrios de Al-Mezza 86, Al-Rabwah, los alrededores de la Plaza de los Omeyas y Masaken Barza lo que caus\u00f3 el martirio de un ni\u00f1o y una mujer mientras que 21 civiles resultaron heridos.<\/p>\n<p>Cabe destacar que el acuerdo de Duma comenz\u00f3 a ser aplicado el lunes pasado, donde han sido evacuado m\u00e1s de 3 mil terroristas de \u201cYaish Al-Islam\u201d y sus familias a Jarablos en tres partidas, adem\u00e1s fueron liberados 5 secuestrados antes de obstruirse el acuerdo ayer tras desacuerdos internos entre los terroristas de \u201cYaish Al-Islam\u201d y su agresi\u00f3n con cohetes a la capital Damasco y sus alrededores.<\/p>\n<p>&nbsp;<\/p>\n<p><span style=\"color: #0000ff;\">Dr. A. Shaban, Akram. S<\/span><\/p>\n","protected":false},"excerpt":{"rendered":"<p>&nbsp; Damasco- SANA Unidades del Ej\u00e9rcito sirio irrumpieron en las primeras l\u00edneas de los terroristas del Ej\u00e9rcito del Islam en las fincas de Duma, tras dirigir ataques concentrados causando un estado de colapso y caos en sus filas, inform\u00f3 \u00a0el enviado de SANA a las inmediaciones de Duma. Unidades del ejercito \u00e1rabe sirio golpearon intensivamente &hellip;<\/p>\n","protected":false},"author":1,"featured_media":80224,"comment_status":"closed","ping_status":"closed","sticky":false,"template":"","format":"standard","meta":{"footnotes":""},"categories":[597,573,476,583,7541],"tags":[],"class_list":["post-80158","post","type-post","status-publish","format-standard","has-post-thumbnail","","category-cinta-de-noticias","category-la-realidad-de-los-acontecimientos-en-siria","category-locales","category-slide","category-ultimas-noticias"],"_links":{"self":[{"href":"https:\/\/archive.sana.sy\/es\/index.php?rest_route=\/wp\/v2\/posts\/80158"}],"collection":[{"href":"https:\/\/archive.sana.sy\/es\/index.php?rest_route=\/wp\/v2\/posts"}],"about":[{"href":"https:\/\/archive.sana.sy\/es\/index.php?rest_route=\/wp\/v2\/types\/post"}],"author":[{"embeddable":true,"href":"https:\/\/archive.sana.sy\/es\/index.php?rest_route=\/wp\/v2\/users\/1"}],"replies":[{"embeddable":true,"href":"https:\/\/archive.sana.sy\/es\/index.php?rest_route=%2Fwp%2Fv2%2Fcomments&post=80158"}],"version-history":[{"count":0,"href":"https:\/\/archive.sana.sy\/es\/index.php?rest_route=\/wp\/v2\/posts\/80158\/revisions"}],"wp:featuredmedia":[{"embeddable":true,"href":"https:\/\/archive.sana.sy\/es\/index.php?rest_route=\/wp\/v2\/media\/80224"}],"wp:attachment":[{"href":"https:\/\/archive.sana.sy\/es\/index.php?rest_route=%2Fwp%2Fv2%2Fmedia&parent=80158"}],"wp:term":[{"taxonomy":"category","embeddable":true,"href":"https:\/\/archive.sana.sy\/es\/index.php?rest_route=%2Fwp%2Fv2%2Fcategories&post=80158"},{"taxonomy":"post_tag","embeddable":true,"href":"https:\/\/archive.sana.sy\/es\/index.php?rest_route=%2Fwp%2Fv2%2Ftags&post=80158"}],"curies":[{"name":"wp","href":"https:\/\/api.w.org\/{rel}","templated":true}]}}