{"id":80204,"date":"2018-04-07T14:42:46","date_gmt":"2018-04-07T11:42:46","guid":{"rendered":"https:\/\/www.sana.sy\/es\/?p=80204"},"modified":"2018-04-07T19:44:53","modified_gmt":"2018-04-07T16:44:53","slug":"cancilleres-de-paises-no-alineados-condenan-el-terrorismo-que-ataca-a-siria-y-todas-las-agresiones-israelies","status":"publish","type":"post","link":"https:\/\/archive.sana.sy\/es\/?p=80204","title":{"rendered":"Cancilleres de Pa\u00edses No Alineados condenan el terrorismo que ataca a Siria y todas las agresiones israel\u00edes"},"content":{"rendered":"<p>&nbsp;<\/p>\n<p><span style=\"color: #800000\">Bak\u00fa-SANA<\/span><\/p>\n<p>Los ministros de Pa\u00edses No Alineados condenaron en la declaraci\u00f3n final de su 18 reuni\u00f3n en la capital azer\u00ed Bak\u00fa, el terrorismo que ataca a Siria, y expresaron su solidaridad con los pa\u00edses que sufren del terrorismo.<\/p>\n<p>Los ministros condenaron en la declaraci\u00f3n final \u201cDeclaraci\u00f3n Pol\u00edtica de Bak\u00fa\u201d, adoptada por unanimidad las pr\u00e1cticas y cr\u00edmenes de Daesh y al Qaeda, y los de los grupos terroristas vinculados a ellos en Siria, Irak, Libia, y otros pa\u00edses, se\u00f1alando que la amenaza terrorista no se limita a estos pa\u00edses sino que extiende a otros pa\u00edses.<\/p>\n<p>Los ministros condenaron los actos hostiles cometidos por el ente israel\u00ed contra Siria, y el apoyo israel\u00ed a los grupos terroristas al sur de Siria, y expresaron su solidaridad con Siria.<\/p>\n<p>Los reunidos reiteraron la necesidad de llegar a una soluci\u00f3n pol\u00edtica a la crisis actual en Siria a trav\u00e9s del proceso pol\u00edtico, conforme a la Declaraci\u00f3n de Ginebra y la resoluci\u00f3n del Consejo de Seguridad internacional 2254, y fortalecer la llegada de ayuda humanitaria a los necesitados.<\/p>\n<p>Los ministros manifestaron su apoyo a las fuerzas y su solidaridad con el derecho de Siria en la recuperaci\u00f3n del Gol\u00e1n sirio ocupado, y reclamaron al ente de la ocupaci\u00f3n israel\u00ed una retirada completa del Gol\u00e1n hasta la frontera del 4 de junio de 1967.<\/p>\n<p>&nbsp;<\/p>\n<p><span style=\"color: #0000ff\">Akram. S<\/span><\/p>\n","protected":false},"excerpt":{"rendered":"<p>&nbsp; Bak\u00fa-SANA Los ministros de Pa\u00edses No Alineados condenaron en la declaraci\u00f3n final de su 18 reuni\u00f3n en la capital azer\u00ed Bak\u00fa, el terrorismo que ataca a Siria, y expresaron su solidaridad con los pa\u00edses que sufren del terrorismo. Los ministros condenaron en la declaraci\u00f3n final \u201cDeclaraci\u00f3n Pol\u00edtica de Bak\u00fa\u201d, adoptada por unanimidad las pr\u00e1cticas &hellip;<\/p>\n","protected":false},"author":1,"featured_media":80205,"comment_status":"closed","ping_status":"closed","sticky":false,"template":"","format":"standard","meta":{"footnotes":""},"categories":[597,476,467,7541],"tags":[],"class_list":["post-80204","post","type-post","status-publish","format-standard","has-post-thumbnail","","category-cinta-de-noticias","category-locales","category-siria-y-el-mundo","category-ultimas-noticias"],"_links":{"self":[{"href":"https:\/\/archive.sana.sy\/es\/index.php?rest_route=\/wp\/v2\/posts\/80204"}],"collection":[{"href":"https:\/\/archive.sana.sy\/es\/index.php?rest_route=\/wp\/v2\/posts"}],"about":[{"href":"https:\/\/archive.sana.sy\/es\/index.php?rest_route=\/wp\/v2\/types\/post"}],"author":[{"embeddable":true,"href":"https:\/\/archive.sana.sy\/es\/index.php?rest_route=\/wp\/v2\/users\/1"}],"replies":[{"embeddable":true,"href":"https:\/\/archive.sana.sy\/es\/index.php?rest_route=%2Fwp%2Fv2%2Fcomments&post=80204"}],"version-history":[{"count":0,"href":"https:\/\/archive.sana.sy\/es\/index.php?rest_route=\/wp\/v2\/posts\/80204\/revisions"}],"wp:featuredmedia":[{"embeddable":true,"href":"https:\/\/archive.sana.sy\/es\/index.php?rest_route=\/wp\/v2\/media\/80205"}],"wp:attachment":[{"href":"https:\/\/archive.sana.sy\/es\/index.php?rest_route=%2Fwp%2Fv2%2Fmedia&parent=80204"}],"wp:term":[{"taxonomy":"category","embeddable":true,"href":"https:\/\/archive.sana.sy\/es\/index.php?rest_route=%2Fwp%2Fv2%2Fcategories&post=80204"},{"taxonomy":"post_tag","embeddable":true,"href":"https:\/\/archive.sana.sy\/es\/index.php?rest_route=%2Fwp%2Fv2%2Ftags&post=80204"}],"curies":[{"name":"wp","href":"https:\/\/api.w.org\/{rel}","templated":true}]}}