{"id":80211,"date":"2018-04-07T15:31:16","date_gmt":"2018-04-07T12:31:16","guid":{"rendered":"https:\/\/www.sana.sy\/es\/?p=80211"},"modified":"2018-04-07T15:31:16","modified_gmt":"2018-04-07T12:31:16","slug":"la-exposicion-del-dia-de-la-tierra-confirma-el-derecho-del-retorno","status":"publish","type":"post","link":"https:\/\/archive.sana.sy\/es\/?p=80211","title":{"rendered":"La exposici\u00f3n del D\u00eda de la Tierra confirma el derecho del retorno"},"content":{"rendered":"<p>&nbsp;<\/p>\n<p><span style=\"color: #800000;\">Damasco-SANA<\/span><\/p>\n<p>Las obras de 37 artistas pl\u00e1sticos sirios y palestinos de diferentes generaciones se exhibieron en la exposici\u00f3n del D\u00eda de la Tierra, organizada en la Sala de al Shaab por la Uni\u00f3n de los Artistas Pl\u00e1sticos palestinos, para expresar el derecho del retorno y el rechazo de los cr\u00edmenes de la ocupaci\u00f3n israel\u00ed contra el ser humano y la tierra.<\/p>\n<p>Las obras exhibidas incluyen cuadros de arte pl\u00e1stico, dise\u00f1o gr\u00e1fico, fotograf\u00edas, con diferentes t\u00e9cnicas, donde los participantes se centraron en temas que reflejan la resistencia del palestino a la ocupaci\u00f3n, materializando al ambiente en Palestina, como viviendas, una hermosa naturaleza, y sitios religiosos.<\/p>\n<p><span style=\"color: #0000ff;\">Akram. S<\/span><\/p>\n","protected":false},"excerpt":{"rendered":"<p>&nbsp; Damasco-SANA Las obras de 37 artistas pl\u00e1sticos sirios y palestinos de diferentes generaciones se exhibieron en la exposici\u00f3n del D\u00eda de la Tierra, organizada en la Sala de al Shaab por la Uni\u00f3n de los Artistas Pl\u00e1sticos palestinos, para expresar el derecho del retorno y el rechazo de los cr\u00edmenes de la ocupaci\u00f3n israel\u00ed &hellip;<\/p>\n","protected":false},"author":1,"featured_media":80212,"comment_status":"closed","ping_status":"closed","sticky":false,"template":"","format":"standard","meta":{"footnotes":""},"categories":[597,510,7541],"tags":[],"class_list":["post-80211","post","type-post","status-publish","format-standard","has-post-thumbnail","","category-cinta-de-noticias","category-arte-y-cultura","category-ultimas-noticias"],"_links":{"self":[{"href":"https:\/\/archive.sana.sy\/es\/index.php?rest_route=\/wp\/v2\/posts\/80211"}],"collection":[{"href":"https:\/\/archive.sana.sy\/es\/index.php?rest_route=\/wp\/v2\/posts"}],"about":[{"href":"https:\/\/archive.sana.sy\/es\/index.php?rest_route=\/wp\/v2\/types\/post"}],"author":[{"embeddable":true,"href":"https:\/\/archive.sana.sy\/es\/index.php?rest_route=\/wp\/v2\/users\/1"}],"replies":[{"embeddable":true,"href":"https:\/\/archive.sana.sy\/es\/index.php?rest_route=%2Fwp%2Fv2%2Fcomments&post=80211"}],"version-history":[{"count":0,"href":"https:\/\/archive.sana.sy\/es\/index.php?rest_route=\/wp\/v2\/posts\/80211\/revisions"}],"wp:featuredmedia":[{"embeddable":true,"href":"https:\/\/archive.sana.sy\/es\/index.php?rest_route=\/wp\/v2\/media\/80212"}],"wp:attachment":[{"href":"https:\/\/archive.sana.sy\/es\/index.php?rest_route=%2Fwp%2Fv2%2Fmedia&parent=80211"}],"wp:term":[{"taxonomy":"category","embeddable":true,"href":"https:\/\/archive.sana.sy\/es\/index.php?rest_route=%2Fwp%2Fv2%2Fcategories&post=80211"},{"taxonomy":"post_tag","embeddable":true,"href":"https:\/\/archive.sana.sy\/es\/index.php?rest_route=%2Fwp%2Fv2%2Ftags&post=80211"}],"curies":[{"name":"wp","href":"https:\/\/api.w.org\/{rel}","templated":true}]}}