{"id":80315,"date":"2018-04-09T19:59:28","date_gmt":"2018-04-09T16:59:28","guid":{"rendered":"https:\/\/www.sana.sy\/es\/?p=80315"},"modified":"2018-04-09T19:59:28","modified_gmt":"2018-04-09T16:59:28","slug":"cancilleria-irani-ataques-israelies-contra-siria-una-violacion-del-derecho-internacional","status":"publish","type":"post","link":"https:\/\/archive.sana.sy\/es\/?p=80315","title":{"rendered":"Canciller\u00eda iran\u00ed: ataques israel\u00edes contra Siria una violaci\u00f3n del Derecho Internacional"},"content":{"rendered":"<p>Teher\u00e1n-SANA<\/p>\n<p>El Ministerio de Exteriores de Iran ha condenado la agresi\u00f3n israel\u00ed contra el aeropuerto de T4, en Homs.<\/p>\n<p>\u00a8La agresi\u00f3n constituye una violaci\u00f3n de la soberan\u00eda de Siria y del derecho internacional as\u00ed como complica m\u00e1s la ya enredada situaci\u00f3n en Siria y la regi\u00f3n\u00a8, dijo el vocero de la canciller\u00eda iran\u00ed Bahram Qasemi.<\/p>\n<p>Ha reiterado asimismo el apoyo de Ir\u00e1n a la soberan\u00eda de Siria y su integridad territorial, llamando a los pa\u00edses libres del mundo y los aliados internacionales a tomar posturas claras y transparentes sobre la agresi\u00f3n israel\u00ed que \u00a8amenaza la paz y seguridad internacionales\u00a8.<\/p>\n<p>Y.K.<\/p>\n","protected":false},"excerpt":{"rendered":"<p>Teher\u00e1n-SANA El Ministerio de Exteriores de Iran ha condenado la agresi\u00f3n israel\u00ed contra el aeropuerto de T4, en Homs. \u00a8La agresi\u00f3n constituye una violaci\u00f3n de la soberan\u00eda de Siria y del derecho internacional as\u00ed como complica m\u00e1s la ya enredada situaci\u00f3n en Siria y la regi\u00f3n\u00a8, dijo el vocero de la canciller\u00eda iran\u00ed Bahram Qasemi. &hellip;<\/p>\n","protected":false},"author":1,"featured_media":80316,"comment_status":"closed","ping_status":"closed","sticky":false,"template":"","format":"standard","meta":{"footnotes":""},"categories":[467,7541],"tags":[],"class_list":["post-80315","post","type-post","status-publish","format-standard","has-post-thumbnail","","category-siria-y-el-mundo","category-ultimas-noticias"],"_links":{"self":[{"href":"https:\/\/archive.sana.sy\/es\/index.php?rest_route=\/wp\/v2\/posts\/80315"}],"collection":[{"href":"https:\/\/archive.sana.sy\/es\/index.php?rest_route=\/wp\/v2\/posts"}],"about":[{"href":"https:\/\/archive.sana.sy\/es\/index.php?rest_route=\/wp\/v2\/types\/post"}],"author":[{"embeddable":true,"href":"https:\/\/archive.sana.sy\/es\/index.php?rest_route=\/wp\/v2\/users\/1"}],"replies":[{"embeddable":true,"href":"https:\/\/archive.sana.sy\/es\/index.php?rest_route=%2Fwp%2Fv2%2Fcomments&post=80315"}],"version-history":[{"count":0,"href":"https:\/\/archive.sana.sy\/es\/index.php?rest_route=\/wp\/v2\/posts\/80315\/revisions"}],"wp:featuredmedia":[{"embeddable":true,"href":"https:\/\/archive.sana.sy\/es\/index.php?rest_route=\/wp\/v2\/media\/80316"}],"wp:attachment":[{"href":"https:\/\/archive.sana.sy\/es\/index.php?rest_route=%2Fwp%2Fv2%2Fmedia&parent=80315"}],"wp:term":[{"taxonomy":"category","embeddable":true,"href":"https:\/\/archive.sana.sy\/es\/index.php?rest_route=%2Fwp%2Fv2%2Fcategories&post=80315"},{"taxonomy":"post_tag","embeddable":true,"href":"https:\/\/archive.sana.sy\/es\/index.php?rest_route=%2Fwp%2Fv2%2Ftags&post=80315"}],"curies":[{"name":"wp","href":"https:\/\/api.w.org\/{rel}","templated":true}]}}