{"id":80318,"date":"2018-04-09T20:48:00","date_gmt":"2018-04-09T17:48:00","guid":{"rendered":"https:\/\/www.sana.sy\/es\/?p=80318"},"modified":"2018-04-09T20:48:00","modified_gmt":"2018-04-09T17:48:00","slug":"qadri-siria-continua-construyendo-la-plataforma-economica-a-pesar-del-terrorismo","status":"publish","type":"post","link":"https:\/\/archive.sana.sy\/es\/?p=80318","title":{"rendered":"Qadri: Siria contin\u00faa construyendo la plataforma econ\u00f3mica a pesar del terrorismo"},"content":{"rendered":"<p>El Cairo-SANA<\/p>\n<p>El presidente de la Uni\u00f3n General de los Sindicatos de Trabajadores, Yamal Qadri ha afirmado que Siria sigue construyendo la plataforma econ\u00f3mica del pa\u00eds a pesar de la brutalidad de las practicas terroristas que presenci\u00f3 Siria durante los \u00faltimos siete a\u00f1os, la cual \u00a8representa el garante de la vida del pueblo sirio, y garantiza la seguridad alimenticia y una vida segura en los \u00e1mbitos de la educaci\u00f3n, salud, y cultura\u00a8, agreg\u00f3.<\/p>\n<p>\u00b4La vida y los proyectos y programas de desarrollo en Siria no han cesado, a pesar de ser los objetos principales de las organizaciones terroristas y las potencias que las apoyan y financian\u00a8, dijo Qadri en una palabra pronunciada ante el periodo 45 de la Conferencia \u00c1rabe de Trabajo, celebrada en El Cairo, Egipto.<\/p>\n<p>Asimismo lament\u00f3 la involucraci\u00f3n de algunos pa\u00edses y reg\u00edmenes \u00e1rabes en el financiamiento y apoyo al terrorismo, haciendo hincapi\u00e9 en la inevitabilidad de la victoria sobre la conspiraci\u00f3n.<\/p>\n<p>Explic\u00f3 que los terroristas apuntaron contar la infraestructura econ\u00f3mica del pa\u00eds, las escuelas, los hospitales, las universidades, las carreteras y los puentes.<\/p>\n<p>Y.K.<\/p>\n","protected":false},"excerpt":{"rendered":"<p>El Cairo-SANA El presidente de la Uni\u00f3n General de los Sindicatos de Trabajadores, Yamal Qadri ha afirmado que Siria sigue construyendo la plataforma econ\u00f3mica del pa\u00eds a pesar de la brutalidad de las practicas terroristas que presenci\u00f3 Siria durante los \u00faltimos siete a\u00f1os, la cual \u00a8representa el garante de la vida del pueblo sirio, y &hellip;<\/p>\n","protected":false},"author":1,"featured_media":80319,"comment_status":"closed","ping_status":"closed","sticky":false,"template":"","format":"standard","meta":{"footnotes":""},"categories":[467,7541],"tags":[],"class_list":["post-80318","post","type-post","status-publish","format-standard","has-post-thumbnail","","category-siria-y-el-mundo","category-ultimas-noticias"],"_links":{"self":[{"href":"https:\/\/archive.sana.sy\/es\/index.php?rest_route=\/wp\/v2\/posts\/80318"}],"collection":[{"href":"https:\/\/archive.sana.sy\/es\/index.php?rest_route=\/wp\/v2\/posts"}],"about":[{"href":"https:\/\/archive.sana.sy\/es\/index.php?rest_route=\/wp\/v2\/types\/post"}],"author":[{"embeddable":true,"href":"https:\/\/archive.sana.sy\/es\/index.php?rest_route=\/wp\/v2\/users\/1"}],"replies":[{"embeddable":true,"href":"https:\/\/archive.sana.sy\/es\/index.php?rest_route=%2Fwp%2Fv2%2Fcomments&post=80318"}],"version-history":[{"count":0,"href":"https:\/\/archive.sana.sy\/es\/index.php?rest_route=\/wp\/v2\/posts\/80318\/revisions"}],"wp:featuredmedia":[{"embeddable":true,"href":"https:\/\/archive.sana.sy\/es\/index.php?rest_route=\/wp\/v2\/media\/80319"}],"wp:attachment":[{"href":"https:\/\/archive.sana.sy\/es\/index.php?rest_route=%2Fwp%2Fv2%2Fmedia&parent=80318"}],"wp:term":[{"taxonomy":"category","embeddable":true,"href":"https:\/\/archive.sana.sy\/es\/index.php?rest_route=%2Fwp%2Fv2%2Fcategories&post=80318"},{"taxonomy":"post_tag","embeddable":true,"href":"https:\/\/archive.sana.sy\/es\/index.php?rest_route=%2Fwp%2Fv2%2Ftags&post=80318"}],"curies":[{"name":"wp","href":"https:\/\/api.w.org\/{rel}","templated":true}]}}