{"id":80338,"date":"2018-04-10T08:19:42","date_gmt":"2018-04-10T05:19:42","guid":{"rendered":"https:\/\/www.sana.sy\/es\/?p=80338"},"modified":"2023-01-09T14:09:05","modified_gmt":"2023-01-09T12:09:05","slug":"fabrica-de-cemento-de-hama-reanuda-su-produccion","status":"publish","type":"post","link":"https:\/\/archive.sana.sy\/es\/?p=80338","title":{"rendered":"F\u00e1brica de cemento de Hama reanuda su producci\u00f3n"},"content":{"rendered":"<p><span style=\"color: #800000;\">Hama, SANA<\/span><\/p>\n<p>La Compa\u00f1\u00eda Siria de Cemento y Materiales de Construcci\u00f3n en Hama anunci\u00f3 la reanudaci\u00f3n de la producci\u00f3n de la f\u00e1brica de cemento No. 3 con una capacidad de producci\u00f3n de hasta 3 mil toneladas diarias.<\/p>\n<p>La reanudaci\u00f3n de la producci\u00f3n es fruto de las obras de mantenimiento que se efectuaron a la f\u00e1brica y que empezaron desde principios del pasado mes de febrero hasta principios de este mes de abril.<\/p>\n<p>El gerente general de la compa\u00f1\u00eda, Tayeb Younis, dijo que los obst\u00e1culos m\u00e1s importantes antes el proceso de producci\u00f3n es la dificultad de adquirir los requerimientos de producci\u00f3n como consecuencia de las medidas econ\u00f3micas coercitivas impuestas contra el pueblo sirio.<\/p>\n<p>A\u00f1adi\u00f3 que la compa\u00f1\u00eda ha puesto en marcha un programa para el desarrollo del proceso productivo el cual implica la producci\u00f3n de nuevos tipos de cemento para satisfacer las necesidades del mercado.<\/p>\n<p>La producci\u00f3n total de la compa\u00f1\u00eda desde el inicio del a\u00f1o hasta el mes pasado super\u00f3 las 78 mil toneladas de cemento.<\/p>\n<p><span style=\"color: #0000ff;\">F. Marouf\/ Dr. A. Shaban<\/span><\/p>\n","protected":false},"excerpt":{"rendered":"<p>Hama, SANA La Compa\u00f1\u00eda Siria de Cemento y Materiales de Construcci\u00f3n en Hama anunci\u00f3 la reanudaci\u00f3n de la producci\u00f3n de la f\u00e1brica de cemento No. 3 con una capacidad de producci\u00f3n de hasta 3 mil toneladas diarias. La reanudaci\u00f3n de la producci\u00f3n es fruto de las obras de mantenimiento que se efectuaron a la f\u00e1brica &hellip;<\/p>\n","protected":false},"author":1,"featured_media":80339,"comment_status":"closed","ping_status":"closed","sticky":false,"template":"","format":"standard","meta":{"footnotes":""},"categories":[545,597,476,7541],"tags":[11801],"class_list":["post-80338","post","type-post","status-publish","format-standard","has-post-thumbnail","","category-actualidad-y-reportajes-salud-y-medio-ambiente","category-cinta-de-noticias","category-locales","category-ultimas-noticias","tag-fabrica-de-cemento-de-hama-reanuda-su-produccion"],"_links":{"self":[{"href":"https:\/\/archive.sana.sy\/es\/index.php?rest_route=\/wp\/v2\/posts\/80338"}],"collection":[{"href":"https:\/\/archive.sana.sy\/es\/index.php?rest_route=\/wp\/v2\/posts"}],"about":[{"href":"https:\/\/archive.sana.sy\/es\/index.php?rest_route=\/wp\/v2\/types\/post"}],"author":[{"embeddable":true,"href":"https:\/\/archive.sana.sy\/es\/index.php?rest_route=\/wp\/v2\/users\/1"}],"replies":[{"embeddable":true,"href":"https:\/\/archive.sana.sy\/es\/index.php?rest_route=%2Fwp%2Fv2%2Fcomments&post=80338"}],"version-history":[{"count":0,"href":"https:\/\/archive.sana.sy\/es\/index.php?rest_route=\/wp\/v2\/posts\/80338\/revisions"}],"wp:featuredmedia":[{"embeddable":true,"href":"https:\/\/archive.sana.sy\/es\/index.php?rest_route=\/wp\/v2\/media\/80339"}],"wp:attachment":[{"href":"https:\/\/archive.sana.sy\/es\/index.php?rest_route=%2Fwp%2Fv2%2Fmedia&parent=80338"}],"wp:term":[{"taxonomy":"category","embeddable":true,"href":"https:\/\/archive.sana.sy\/es\/index.php?rest_route=%2Fwp%2Fv2%2Fcategories&post=80338"},{"taxonomy":"post_tag","embeddable":true,"href":"https:\/\/archive.sana.sy\/es\/index.php?rest_route=%2Fwp%2Fv2%2Ftags&post=80338"}],"curies":[{"name":"wp","href":"https:\/\/api.w.org\/{rel}","templated":true}]}}