{"id":80454,"date":"2018-04-11T18:22:12","date_gmt":"2018-04-11T15:22:12","guid":{"rendered":"https:\/\/www.sana.sy\/es\/?p=80454"},"modified":"2019-09-10T12:25:44","modified_gmt":"2019-09-10T09:25:44","slug":"presidente-al-assad-recibe-una-delegacion-de-la-conferencia-para-la-unidad-de-la-nacion","status":"publish","type":"post","link":"https:\/\/archive.sana.sy\/es\/?p=80454","title":{"rendered":"Presidente al Assad recibe una delegaci\u00f3n de la Conferencia para la Unidad de la Naci\u00f3n"},"content":{"rendered":"<p><span style=\"color: #800000\">Damasco, SANA<\/span><\/p>\n<p>El presidente, Bashar al Assad, ha recibido este mi\u00e9rcoles una delegaci\u00f3n de participantes en la Conferencia para la Unidad de la Naci\u00f3n que tuvo lugar en la capital Damasco.<\/p>\n<p>Durante la reuni\u00f3n, el mandatario sirio se\u00f1al\u00f3 que el arma principal que usan nuestros enemigos es el hecho de sembrar la discordia y promover el extremismo, as\u00ed como crear diferencias ideol\u00f3gicas y confesionales entre los integrantes de la misma sociedad, resaltando que \u201cla unidad de los musulmanes, basada en la diversidad y el apego a la esencia de la religi\u00f3n, es lo que proteger\u00e1 a nuestras sociedades de las esquemas occidentales encaminadas a debilitar y dividirnos\u201d.<\/p>\n<p>El presidente al Assad destac\u00f3 la importancia de la celebraci\u00f3n de la Conferencia para la Unidad de la Naci\u00f3n, y el papel de los ulemas en el lanzamiento de un di\u00e1logo abierto primero entre ellos mismos, especialmente las grandes entidades religiosas, as\u00ed como en\u00a0los ambientes juveniles y del p\u00fablico, enfatizando que el problema esencial que enfrenta la naci\u00f3n isl\u00e1mica hoy en d\u00eda reside en los intentos de separar entre la identidad nacional y la religiosa.<\/p>\n<p>Por su parte, los miembros de la delegaci\u00f3n afirmaron que la celebraci\u00f3n de esta conferencia en Damasco viene para extender el apoyo de los ulemas y los pueblos isl\u00e1micos a Siria, sobre todo en estos momentos duros en los que esta naci\u00f3n confronta con plena valent\u00eda las amenazas del imperialismo estadounidense y occidental.<\/p>\n<p>Asimismo felicitaron a Siria, pueblo, ej\u00e9rcito y liderazgo, por las trascendentes victorias logradas recientemente sobre los terroristas, expresando su confianza en que esta naci\u00f3n cantar\u00e1 pronto victoria definitiva sobre los oscurantistas.<\/p>\n<p>Hicieron hincapi\u00e9 en que Siria permanecer\u00e1 la patria del moderado y verdadero islam, y la naci\u00f3n que enfrenta a la ideolog\u00eda extremista y de exclusi\u00f3n.<\/p>\n<p>Es de se\u00f1alar que la delegaci\u00f3n incluye a destacadas figuras religiosas, ulemas, y pensadores de Egipto, Argelia, T\u00fanez, Marruecos, Irak, el L\u00edbano, Indonesia, Turqu\u00eda, la India y Afganist\u00e1n.<\/p>\n<div id='gallery-1' class='gallery galleryid-80454 gallery-columns-3 gallery-size-thumbnail'><figure class='gallery-item'>\n\t\t\t<div class='gallery-icon landscape'>\n\t\t\t\t<a href='https:\/\/archive.sana.sy\/es\/wp-content\/uploads\/2018\/04\/presidente-al-Assad-2.jpg'><img loading=\"lazy\" decoding=\"async\" width=\"150\" height=\"60\" src=\"https:\/\/archive.sana.sy\/es\/wp-content\/uploads\/2018\/04\/presidente-al-Assad-2-150x60.jpg\" class=\"attachment-thumbnail size-thumbnail\" alt=\"\" srcset=\"https:\/\/archive.sana.sy\/es\/wp-content\/uploads\/2018\/04\/presidente-al-Assad-2-150x60.jpg 150w, https:\/\/archive.sana.sy\/es\/wp-content\/uploads\/2018\/04\/presidente-al-Assad-2-300x121.jpg 300w, https:\/\/archive.sana.sy\/es\/wp-content\/uploads\/2018\/04\/presidente-al-Assad-2.jpg 660w\" sizes=\"(max-width: 150px) 100vw, 150px\" \/><\/a>\n\t\t\t<\/div><\/figure><figure class='gallery-item'>\n\t\t\t<div class='gallery-icon landscape'>\n\t\t\t\t<a href='https:\/\/archive.sana.sy\/es\/wp-content\/uploads\/2018\/04\/presidente-al-Assad-1.jpg'><img loading=\"lazy\" decoding=\"async\" width=\"150\" height=\"75\" src=\"https:\/\/archive.sana.sy\/es\/wp-content\/uploads\/2018\/04\/presidente-al-Assad-1-150x75.jpg\" class=\"attachment-thumbnail size-thumbnail\" alt=\"\" srcset=\"https:\/\/archive.sana.sy\/es\/wp-content\/uploads\/2018\/04\/presidente-al-Assad-1-150x75.jpg 150w, https:\/\/archive.sana.sy\/es\/wp-content\/uploads\/2018\/04\/presidente-al-Assad-1-300x150.jpg 300w, https:\/\/archive.sana.sy\/es\/wp-content\/uploads\/2018\/04\/presidente-al-Assad-1.jpg 660w\" sizes=\"(max-width: 150px) 100vw, 150px\" \/><\/a>\n\t\t\t<\/div><\/figure>\n\t\t<\/div>\n\n<p>&nbsp;<\/p>\n<p>Lynn A.<\/p>\n","protected":false},"excerpt":{"rendered":"<p>Damasco, SANA El presidente, Bashar al Assad, ha recibido este mi\u00e9rcoles una delegaci\u00f3n de participantes en la Conferencia para la Unidad de la Naci\u00f3n que tuvo lugar en la capital Damasco. Durante la reuni\u00f3n, el mandatario sirio se\u00f1al\u00f3 que el arma principal que usan nuestros enemigos es el hecho de sembrar la discordia y promover &hellip;<\/p>\n","protected":false},"author":24,"featured_media":80456,"comment_status":"closed","ping_status":"closed","sticky":false,"template":"","format":"standard","meta":{"footnotes":""},"categories":[16237,583,626],"tags":[],"class_list":["post-80454","post","type-post","status-publish","format-standard","has-post-thumbnail","","category-presidence-de-la-republique-arabe-syria","category-slide","category-sr-presidente"],"_links":{"self":[{"href":"https:\/\/archive.sana.sy\/es\/index.php?rest_route=\/wp\/v2\/posts\/80454"}],"collection":[{"href":"https:\/\/archive.sana.sy\/es\/index.php?rest_route=\/wp\/v2\/posts"}],"about":[{"href":"https:\/\/archive.sana.sy\/es\/index.php?rest_route=\/wp\/v2\/types\/post"}],"author":[{"embeddable":true,"href":"https:\/\/archive.sana.sy\/es\/index.php?rest_route=\/wp\/v2\/users\/24"}],"replies":[{"embeddable":true,"href":"https:\/\/archive.sana.sy\/es\/index.php?rest_route=%2Fwp%2Fv2%2Fcomments&post=80454"}],"version-history":[{"count":0,"href":"https:\/\/archive.sana.sy\/es\/index.php?rest_route=\/wp\/v2\/posts\/80454\/revisions"}],"wp:featuredmedia":[{"embeddable":true,"href":"https:\/\/archive.sana.sy\/es\/index.php?rest_route=\/wp\/v2\/media\/80456"}],"wp:attachment":[{"href":"https:\/\/archive.sana.sy\/es\/index.php?rest_route=%2Fwp%2Fv2%2Fmedia&parent=80454"}],"wp:term":[{"taxonomy":"category","embeddable":true,"href":"https:\/\/archive.sana.sy\/es\/index.php?rest_route=%2Fwp%2Fv2%2Fcategories&post=80454"},{"taxonomy":"post_tag","embeddable":true,"href":"https:\/\/archive.sana.sy\/es\/index.php?rest_route=%2Fwp%2Fv2%2Ftags&post=80454"}],"curies":[{"name":"wp","href":"https:\/\/api.w.org\/{rel}","templated":true}]}}