{"id":80502,"date":"2018-04-12T12:22:53","date_gmt":"2018-04-12T09:22:53","guid":{"rendered":"https:\/\/www.sana.sy\/es\/?p=80502"},"modified":"2018-04-12T12:23:13","modified_gmt":"2018-04-12T09:23:13","slug":"siria-expresa-condolencias-a-argelia-por-victimas-del-avion-siniestrado","status":"publish","type":"post","link":"https:\/\/archive.sana.sy\/es\/?p=80502","title":{"rendered":"Siria expresa condolencias a Argelia por v\u00edctimas del avi\u00f3n siniestrado"},"content":{"rendered":"<p><span style=\"color: #800000;\">Damasco, SANA<\/span><\/p>\n<p>Siria expres\u00f3 sus m\u00e1s sinceras condolencias a la direcci\u00f3n, el gobierno y el pueblo de Argelia por el accidente del avi\u00f3n de transporte militar que se cobr\u00f3 la vida de los que estaban a bordo.<\/p>\n<p>En un comunicado, el Ministerio de Exteriores y Emigrantes declar\u00f3 que la Rep\u00fablica \u00c1rabe Siria recibi\u00f3 con tristeza la noticia del accidente, y comparte el dolor del liderazgo, el gobierno y el pueblo argelino en estos momentos dif\u00edciles.<\/p>\n<p>El comunicado expresa las m\u00e1s sentidas condolencias a las familias de las v\u00edctimas y desea paz para las almas de las v\u00edctimas inocentes.<\/p>\n<p><span style=\"color: #0000ff;\">F. Marouf\/ Dr. A. Shaban<\/span><\/p>\n","protected":false},"excerpt":{"rendered":"<p>Damasco, SANA Siria expres\u00f3 sus m\u00e1s sinceras condolencias a la direcci\u00f3n, el gobierno y el pueblo de Argelia por el accidente del avi\u00f3n de transporte militar que se cobr\u00f3 la vida de los que estaban a bordo. En un comunicado, el Ministerio de Exteriores y Emigrantes declar\u00f3 que la Rep\u00fablica \u00c1rabe Siria recibi\u00f3 con tristeza &hellip;<\/p>\n","protected":false},"author":1,"featured_media":80503,"comment_status":"closed","ping_status":"closed","sticky":false,"template":"","format":"standard","meta":{"footnotes":""},"categories":[597,467,7541],"tags":[11815],"class_list":["post-80502","post","type-post","status-publish","format-standard","has-post-thumbnail","","category-cinta-de-noticias","category-siria-y-el-mundo","category-ultimas-noticias","tag-siria-expresa-condolencias-a-argelia-por-victimas-del-avion-siniestrado"],"_links":{"self":[{"href":"https:\/\/archive.sana.sy\/es\/index.php?rest_route=\/wp\/v2\/posts\/80502"}],"collection":[{"href":"https:\/\/archive.sana.sy\/es\/index.php?rest_route=\/wp\/v2\/posts"}],"about":[{"href":"https:\/\/archive.sana.sy\/es\/index.php?rest_route=\/wp\/v2\/types\/post"}],"author":[{"embeddable":true,"href":"https:\/\/archive.sana.sy\/es\/index.php?rest_route=\/wp\/v2\/users\/1"}],"replies":[{"embeddable":true,"href":"https:\/\/archive.sana.sy\/es\/index.php?rest_route=%2Fwp%2Fv2%2Fcomments&post=80502"}],"version-history":[{"count":0,"href":"https:\/\/archive.sana.sy\/es\/index.php?rest_route=\/wp\/v2\/posts\/80502\/revisions"}],"wp:featuredmedia":[{"embeddable":true,"href":"https:\/\/archive.sana.sy\/es\/index.php?rest_route=\/wp\/v2\/media\/80503"}],"wp:attachment":[{"href":"https:\/\/archive.sana.sy\/es\/index.php?rest_route=%2Fwp%2Fv2%2Fmedia&parent=80502"}],"wp:term":[{"taxonomy":"category","embeddable":true,"href":"https:\/\/archive.sana.sy\/es\/index.php?rest_route=%2Fwp%2Fv2%2Fcategories&post=80502"},{"taxonomy":"post_tag","embeddable":true,"href":"https:\/\/archive.sana.sy\/es\/index.php?rest_route=%2Fwp%2Fv2%2Ftags&post=80502"}],"curies":[{"name":"wp","href":"https:\/\/api.w.org\/{rel}","templated":true}]}}