{"id":80511,"date":"2018-04-12T14:17:52","date_gmt":"2018-04-12T11:17:52","guid":{"rendered":"https:\/\/www.sana.sy\/es\/?p=80511"},"modified":"2018-04-12T14:17:52","modified_gmt":"2018-04-12T11:17:52","slug":"moscu-llama-a-evitar-cualesquiera-pasos-que-puedan-aumentar-la-tension-en-siria","status":"publish","type":"post","link":"https:\/\/archive.sana.sy\/es\/?p=80511","title":{"rendered":"Mosc\u00fa llama a evitar cualesquiera pasos que puedan aumentar la tensi\u00f3n en Siria"},"content":{"rendered":"<p><span style=\"color: #800000;\">Mosc\u00fa- SANA<\/span><\/p>\n<p>El portavoz del Kremlin Demitri Peskov afirm\u00f3 hoy que Mosc\u00fa vigila de\u00a0cerca las declaraciones de Washington y llama a evitar cualesquiera\u00a0pasos que podr\u00edan aumentar la tensi\u00f3n en Siria.<\/p>\n<p>Peskov en declaraciones para los periodistas que Mosc\u00fa se\u00f1al\u00f3 que<br \/>\nMosc\u00fa conf\u00eda en que el pretexto del uso de armas qu\u00edmicas en Duma es\u00a0fabricado y no puede ser una base para ning\u00fan uso de la fuerza.<\/p>\n<p><span style=\"color: #0000ff;\">Dr. A. Shaban<\/span><\/p>\n","protected":false},"excerpt":{"rendered":"<p>Mosc\u00fa- SANA El portavoz del Kremlin Demitri Peskov afirm\u00f3 hoy que Mosc\u00fa vigila de\u00a0cerca las declaraciones de Washington y llama a evitar cualesquiera\u00a0pasos que podr\u00edan aumentar la tensi\u00f3n en Siria. Peskov en declaraciones para los periodistas que Mosc\u00fa se\u00f1al\u00f3 que Mosc\u00fa conf\u00eda en que el pretexto del uso de armas qu\u00edmicas en Duma es\u00a0fabricado y &hellip;<\/p>\n","protected":false},"author":1,"featured_media":80512,"comment_status":"closed","ping_status":"closed","sticky":false,"template":"","format":"standard","meta":{"footnotes":""},"categories":[597,467,7541],"tags":[11818],"class_list":["post-80511","post","type-post","status-publish","format-standard","has-post-thumbnail","","category-cinta-de-noticias","category-siria-y-el-mundo","category-ultimas-noticias","tag-moscu-llama-a-evitar-cualesquiera-pasos-que-puedan-aumentar-la-tension-en-siria"],"_links":{"self":[{"href":"https:\/\/archive.sana.sy\/es\/index.php?rest_route=\/wp\/v2\/posts\/80511"}],"collection":[{"href":"https:\/\/archive.sana.sy\/es\/index.php?rest_route=\/wp\/v2\/posts"}],"about":[{"href":"https:\/\/archive.sana.sy\/es\/index.php?rest_route=\/wp\/v2\/types\/post"}],"author":[{"embeddable":true,"href":"https:\/\/archive.sana.sy\/es\/index.php?rest_route=\/wp\/v2\/users\/1"}],"replies":[{"embeddable":true,"href":"https:\/\/archive.sana.sy\/es\/index.php?rest_route=%2Fwp%2Fv2%2Fcomments&post=80511"}],"version-history":[{"count":0,"href":"https:\/\/archive.sana.sy\/es\/index.php?rest_route=\/wp\/v2\/posts\/80511\/revisions"}],"wp:featuredmedia":[{"embeddable":true,"href":"https:\/\/archive.sana.sy\/es\/index.php?rest_route=\/wp\/v2\/media\/80512"}],"wp:attachment":[{"href":"https:\/\/archive.sana.sy\/es\/index.php?rest_route=%2Fwp%2Fv2%2Fmedia&parent=80511"}],"wp:term":[{"taxonomy":"category","embeddable":true,"href":"https:\/\/archive.sana.sy\/es\/index.php?rest_route=%2Fwp%2Fv2%2Fcategories&post=80511"},{"taxonomy":"post_tag","embeddable":true,"href":"https:\/\/archive.sana.sy\/es\/index.php?rest_route=%2Fwp%2Fv2%2Ftags&post=80511"}],"curies":[{"name":"wp","href":"https:\/\/api.w.org\/{rel}","templated":true}]}}