{"id":80517,"date":"2018-04-12T17:52:15","date_gmt":"2018-04-12T14:52:15","guid":{"rendered":"https:\/\/www.sana.sy\/es\/?p=80517"},"modified":"2018-04-12T20:36:04","modified_gmt":"2018-04-12T17:36:04","slug":"iran-siria-mas-fuerte-despues-de-la-crisis","status":"publish","type":"post","link":"https:\/\/archive.sana.sy\/es\/?p=80517","title":{"rendered":"Ir\u00e1n: Siria m\u00e1s fuerte despu\u00e9s de la crisis"},"content":{"rendered":"<p>Damasco, SANA<\/p>\n<p>El asesor del L\u00edder de la Revoluci\u00f3n Isl\u00e1mica de Ir\u00e1n, Ali Akbar Velayati se\u00f1al\u00f3 que el objetivo principal detr\u00e1s de la embestida contra Siria es debilitar uno de los actores principales del eje de resistencia, sin embargo Siria ha salido de la misma a\u00fan m\u00e1s fuerte que antes.<\/p>\n<p>Destac\u00f3 la importancia de la coordinaci\u00f3n sirio-iran\u00ed en frenar la hegemon\u00eda de EEUU y el ente sionista en la regi\u00f3n.<br \/>\nExpres\u00f3 su esperanza de que las victorias del Ej\u00e9rcito sirio sigan para liberar la totalidad del territorio sirio.<\/p>\n<p>En este marco, dijo que Idleb es una ciudad siria muy importante, tambi\u00e9n la orilla oriental de \u00c9ufrates, expresando su confianza en repeler a las tropas estadounidenses de las mismas lo antes posible.<\/p>\n<p>Lynn A.<\/p>\n","protected":false},"excerpt":{"rendered":"<p>Damasco, SANA El asesor del L\u00edder de la Revoluci\u00f3n Isl\u00e1mica de Ir\u00e1n, Ali Akbar Velayati se\u00f1al\u00f3 que el objetivo principal detr\u00e1s de la embestida contra Siria es debilitar uno de los actores principales del eje de resistencia, sin embargo Siria ha salido de la misma a\u00fan m\u00e1s fuerte que antes. Destac\u00f3 la importancia de la &hellip;<\/p>\n","protected":false},"author":1,"featured_media":80518,"comment_status":"closed","ping_status":"closed","sticky":false,"template":"","format":"standard","meta":{"footnotes":""},"categories":[476,7541],"tags":[],"class_list":["post-80517","post","type-post","status-publish","format-standard","has-post-thumbnail","","category-locales","category-ultimas-noticias"],"_links":{"self":[{"href":"https:\/\/archive.sana.sy\/es\/index.php?rest_route=\/wp\/v2\/posts\/80517"}],"collection":[{"href":"https:\/\/archive.sana.sy\/es\/index.php?rest_route=\/wp\/v2\/posts"}],"about":[{"href":"https:\/\/archive.sana.sy\/es\/index.php?rest_route=\/wp\/v2\/types\/post"}],"author":[{"embeddable":true,"href":"https:\/\/archive.sana.sy\/es\/index.php?rest_route=\/wp\/v2\/users\/1"}],"replies":[{"embeddable":true,"href":"https:\/\/archive.sana.sy\/es\/index.php?rest_route=%2Fwp%2Fv2%2Fcomments&post=80517"}],"version-history":[{"count":0,"href":"https:\/\/archive.sana.sy\/es\/index.php?rest_route=\/wp\/v2\/posts\/80517\/revisions"}],"wp:featuredmedia":[{"embeddable":true,"href":"https:\/\/archive.sana.sy\/es\/index.php?rest_route=\/wp\/v2\/media\/80518"}],"wp:attachment":[{"href":"https:\/\/archive.sana.sy\/es\/index.php?rest_route=%2Fwp%2Fv2%2Fmedia&parent=80517"}],"wp:term":[{"taxonomy":"category","embeddable":true,"href":"https:\/\/archive.sana.sy\/es\/index.php?rest_route=%2Fwp%2Fv2%2Fcategories&post=80517"},{"taxonomy":"post_tag","embeddable":true,"href":"https:\/\/archive.sana.sy\/es\/index.php?rest_route=%2Fwp%2Fv2%2Ftags&post=80517"}],"curies":[{"name":"wp","href":"https:\/\/api.w.org\/{rel}","templated":true}]}}