{"id":80609,"date":"2018-04-13T19:02:37","date_gmt":"2018-04-13T16:02:37","guid":{"rendered":"https:\/\/www.sana.sy\/es\/?p=80609"},"modified":"2018-04-13T19:02:37","modified_gmt":"2018-04-13T16:02:37","slug":"rusia-tiene-pruebas-de-que-londres-participo-en-el-montaje-del-supuesto-ataque-quimico-en-siria","status":"publish","type":"post","link":"https:\/\/archive.sana.sy\/es\/?p=80609","title":{"rendered":"Rusia tiene pruebas de que Londres particip\u00f3 en el &#8220;montaje&#8221; del supuesto ataque qu\u00edmico en Siria"},"content":{"rendered":"<p><span style=\"color: #800000\">Mosc\u00fa, SANA<\/span>&#8211; El Ministerio de Defensa ruso afirma tener pruebas de que el Reino Unido particip\u00f3 en la organizaci\u00f3n del &#8220;montaje&#8221; del supuesto ataque qu\u00edmico en la ciudad siria de Duma.<\/p>\n<p>Seg\u00fan el portavoz del Ministerio de Defensa de Rusia, \u00cdgor Konash\u00e9nkov, el ministerio ruso encontr\u00f3 a las personas que participaron en la grabaci\u00f3n del falso ataque qu\u00edmico en la ciudad siria de Duma y contaron c\u00f3mo lo hicieron.<\/p>\n<p>&#8220;Hoy, el Ministerio de Defensa de Rusia dispone tambi\u00e9n de otras pruebas que demuestran la implicaci\u00f3n directa del Reino Unido en la organizaci\u00f3n de este montaje en Guta Oriental&#8221;.<\/p>\n<p>El militar a\u00f1adi\u00f3 que entre el 3 y el 6 de abril, Londres estuvo ejerciendo una fuerte presi\u00f3n sobre los representantes de los llamados Cascos Blancos para que prepararan el montaje para luego acusar al Ej\u00e9rcito sirio de usar armas qu\u00edmicas.<\/p>\n<p>M\/Miri<\/p>\n","protected":false},"excerpt":{"rendered":"<p>Mosc\u00fa, SANA&#8211; El Ministerio de Defensa ruso afirma tener pruebas de que el Reino Unido particip\u00f3 en la organizaci\u00f3n del &#8220;montaje&#8221; del supuesto ataque qu\u00edmico en la ciudad siria de Duma. Seg\u00fan el portavoz del Ministerio de Defensa de Rusia, \u00cdgor Konash\u00e9nkov, el ministerio ruso encontr\u00f3 a las personas que participaron en la grabaci\u00f3n del &hellip;<\/p>\n","protected":false},"author":1,"featured_media":37441,"comment_status":"closed","ping_status":"closed","sticky":false,"template":"","format":"standard","meta":{"footnotes":""},"categories":[597,467,7541],"tags":[9118],"class_list":["post-80609","post","type-post","status-publish","format-standard","has-post-thumbnail","","category-cinta-de-noticias","category-siria-y-el-mundo","category-ultimas-noticias","tag-defensa-ruso"],"_links":{"self":[{"href":"https:\/\/archive.sana.sy\/es\/index.php?rest_route=\/wp\/v2\/posts\/80609"}],"collection":[{"href":"https:\/\/archive.sana.sy\/es\/index.php?rest_route=\/wp\/v2\/posts"}],"about":[{"href":"https:\/\/archive.sana.sy\/es\/index.php?rest_route=\/wp\/v2\/types\/post"}],"author":[{"embeddable":true,"href":"https:\/\/archive.sana.sy\/es\/index.php?rest_route=\/wp\/v2\/users\/1"}],"replies":[{"embeddable":true,"href":"https:\/\/archive.sana.sy\/es\/index.php?rest_route=%2Fwp%2Fv2%2Fcomments&post=80609"}],"version-history":[{"count":0,"href":"https:\/\/archive.sana.sy\/es\/index.php?rest_route=\/wp\/v2\/posts\/80609\/revisions"}],"wp:featuredmedia":[{"embeddable":true,"href":"https:\/\/archive.sana.sy\/es\/index.php?rest_route=\/wp\/v2\/media\/37441"}],"wp:attachment":[{"href":"https:\/\/archive.sana.sy\/es\/index.php?rest_route=%2Fwp%2Fv2%2Fmedia&parent=80609"}],"wp:term":[{"taxonomy":"category","embeddable":true,"href":"https:\/\/archive.sana.sy\/es\/index.php?rest_route=%2Fwp%2Fv2%2Fcategories&post=80609"},{"taxonomy":"post_tag","embeddable":true,"href":"https:\/\/archive.sana.sy\/es\/index.php?rest_route=%2Fwp%2Fv2%2Ftags&post=80609"}],"curies":[{"name":"wp","href":"https:\/\/api.w.org\/{rel}","templated":true}]}}