{"id":80671,"date":"2018-04-14T14:19:09","date_gmt":"2018-04-14T11:19:09","guid":{"rendered":"https:\/\/www.sana.sy\/es\/?p=80671"},"modified":"2018-04-14T14:19:09","modified_gmt":"2018-04-14T11:19:09","slug":"gutierres-exige-a-los-paises-miembros-del-consejo-de-seguridad-a-evitar-la-escalada-tras-la-triple-agresion-contra-siria","status":"publish","type":"post","link":"https:\/\/archive.sana.sy\/es\/?p=80671","title":{"rendered":"Gutierres exige a los pa\u00edses miembros del Consejo de Seguridad a evitar la escalada tras la triple agresi\u00f3n contra Siria"},"content":{"rendered":"<p>&nbsp;<\/p>\n<p><span style=\"color: #800000;\">Nueva York-SANA<\/span><\/p>\n<p>El secretario general de Naciones Unidas Antonio Gutierres, exigi\u00f3 a los pa\u00edses miembros del Consejo de Seguridad a evitar una escalada despu\u00e9s de la agresi\u00f3n de EEUU, Gran Breta\u00f1a, y Francia contra Siria.<\/p>\n<p>Seg\u00fan AFP, Gutierrs dijo en un comunicado: llamo a todos los pa\u00edses miembros a actuar con prudencia en unas circunstancias peligrosas, y evitar todas las acciones que puedan conducir a una escalada de la situaci\u00f3n y aumentar el sufrimiento del pueblo sirio.<\/p>\n<p><span style=\"color: #0000ff;\">Akram. S<\/span><\/p>\n","protected":false},"excerpt":{"rendered":"<p>&nbsp; Nueva York-SANA El secretario general de Naciones Unidas Antonio Gutierres, exigi\u00f3 a los pa\u00edses miembros del Consejo de Seguridad a evitar una escalada despu\u00e9s de la agresi\u00f3n de EEUU, Gran Breta\u00f1a, y Francia contra Siria. Seg\u00fan AFP, Gutierrs dijo en un comunicado: llamo a todos los pa\u00edses miembros a actuar con prudencia en unas &hellip;<\/p>\n","protected":false},"author":1,"featured_media":80672,"comment_status":"closed","ping_status":"closed","sticky":false,"template":"","format":"standard","meta":{"footnotes":""},"categories":[597,467,7541],"tags":[],"class_list":["post-80671","post","type-post","status-publish","format-standard","has-post-thumbnail","","category-cinta-de-noticias","category-siria-y-el-mundo","category-ultimas-noticias"],"_links":{"self":[{"href":"https:\/\/archive.sana.sy\/es\/index.php?rest_route=\/wp\/v2\/posts\/80671"}],"collection":[{"href":"https:\/\/archive.sana.sy\/es\/index.php?rest_route=\/wp\/v2\/posts"}],"about":[{"href":"https:\/\/archive.sana.sy\/es\/index.php?rest_route=\/wp\/v2\/types\/post"}],"author":[{"embeddable":true,"href":"https:\/\/archive.sana.sy\/es\/index.php?rest_route=\/wp\/v2\/users\/1"}],"replies":[{"embeddable":true,"href":"https:\/\/archive.sana.sy\/es\/index.php?rest_route=%2Fwp%2Fv2%2Fcomments&post=80671"}],"version-history":[{"count":0,"href":"https:\/\/archive.sana.sy\/es\/index.php?rest_route=\/wp\/v2\/posts\/80671\/revisions"}],"wp:featuredmedia":[{"embeddable":true,"href":"https:\/\/archive.sana.sy\/es\/index.php?rest_route=\/wp\/v2\/media\/80672"}],"wp:attachment":[{"href":"https:\/\/archive.sana.sy\/es\/index.php?rest_route=%2Fwp%2Fv2%2Fmedia&parent=80671"}],"wp:term":[{"taxonomy":"category","embeddable":true,"href":"https:\/\/archive.sana.sy\/es\/index.php?rest_route=%2Fwp%2Fv2%2Fcategories&post=80671"},{"taxonomy":"post_tag","embeddable":true,"href":"https:\/\/archive.sana.sy\/es\/index.php?rest_route=%2Fwp%2Fv2%2Ftags&post=80671"}],"curies":[{"name":"wp","href":"https:\/\/api.w.org\/{rel}","templated":true}]}}