{"id":8072,"date":"2014-08-29T20:28:16","date_gmt":"2014-08-29T17:28:16","guid":{"rendered":"http:\/\/www.sana.sy\/es\/?p=8072"},"modified":"2014-08-29T21:35:41","modified_gmt":"2014-08-29T18:35:41","slug":"4-heridos-tras-ataques-en-morteros-contra-la-ciudad-universitaria-y-barrios-de-damasco","status":"publish","type":"post","link":"https:\/\/archive.sana.sy\/es\/?p=8072","title":{"rendered":"4 heridos tras ataques con mortero contra la ciudad universitaria y barrios  de Damasco"},"content":{"rendered":"<p><span style=\"color: #ff0000\">Damasco, SANA.<\/span><\/p>\n<p>Una fuente en la comandancia de la polic\u00eda declar\u00f3 que 3 estudiantes resultaron heridos tras un ataque con\u00a0un\u00a0proyectil de\u00a0mortero \u00a0disparado por terroristas \u00a0contra\u00a0la ciudad universitaria de al- Basel en Damasco.<\/p>\n<p>La misma fuente afirm\u00f3 que terroristas lanzaron\u00a0un mortero contra\u00a0el barrio al Shagur, atentado que dej\u00f3 un herido y\u00a0da\u00f1os materiales en cuatro veh\u00edculos.<\/p>\n<p>La comandancia a\u00f1adi\u00f3 tambi\u00e9n que \u00a0ataques \u00a0semejantes contra\u00a0las zonas de Kafersuse, Al Rabwe, en el Mazeeh, y en el Qassa, ocasionaron solamente\u00a0da\u00f1os materiales en varios\u00a0veh\u00edculos.<\/p>\n<p><span style=\"color: #00ccff\">Hala B.<\/span><\/p>\n","protected":false},"excerpt":{"rendered":"<p>Damasco, SANA. Una fuente en la comandancia de la polic\u00eda declar\u00f3 que 3 estudiantes resultaron heridos tras un ataque con\u00a0un\u00a0proyectil de\u00a0mortero \u00a0disparado por terroristas \u00a0contra\u00a0la ciudad universitaria de al- Basel en Damasco. La misma fuente afirm\u00f3 que terroristas lanzaron\u00a0un mortero contra\u00a0el barrio al Shagur, atentado que dej\u00f3 un herido y\u00a0da\u00f1os materiales en cuatro veh\u00edculos. La &hellip;<\/p>\n","protected":false},"author":1,"featured_media":8073,"comment_status":"closed","ping_status":"closed","sticky":false,"template":"","format":"standard","meta":{"footnotes":""},"categories":[597,476],"tags":[1837],"class_list":["post-8072","post","type-post","status-publish","format-standard","has-post-thumbnail","","category-cinta-de-noticias","category-locales","tag-4-heridos-tras-ataques-con-mortero-contra-la-ciudad-universitaria-y-barrios-de-damasco"],"_links":{"self":[{"href":"https:\/\/archive.sana.sy\/es\/index.php?rest_route=\/wp\/v2\/posts\/8072"}],"collection":[{"href":"https:\/\/archive.sana.sy\/es\/index.php?rest_route=\/wp\/v2\/posts"}],"about":[{"href":"https:\/\/archive.sana.sy\/es\/index.php?rest_route=\/wp\/v2\/types\/post"}],"author":[{"embeddable":true,"href":"https:\/\/archive.sana.sy\/es\/index.php?rest_route=\/wp\/v2\/users\/1"}],"replies":[{"embeddable":true,"href":"https:\/\/archive.sana.sy\/es\/index.php?rest_route=%2Fwp%2Fv2%2Fcomments&post=8072"}],"version-history":[{"count":0,"href":"https:\/\/archive.sana.sy\/es\/index.php?rest_route=\/wp\/v2\/posts\/8072\/revisions"}],"wp:featuredmedia":[{"embeddable":true,"href":"https:\/\/archive.sana.sy\/es\/index.php?rest_route=\/wp\/v2\/media\/8073"}],"wp:attachment":[{"href":"https:\/\/archive.sana.sy\/es\/index.php?rest_route=%2Fwp%2Fv2%2Fmedia&parent=8072"}],"wp:term":[{"taxonomy":"category","embeddable":true,"href":"https:\/\/archive.sana.sy\/es\/index.php?rest_route=%2Fwp%2Fv2%2Fcategories&post=8072"},{"taxonomy":"post_tag","embeddable":true,"href":"https:\/\/archive.sana.sy\/es\/index.php?rest_route=%2Fwp%2Fv2%2Ftags&post=8072"}],"curies":[{"name":"wp","href":"https:\/\/api.w.org\/{rel}","templated":true}]}}