{"id":80727,"date":"2018-04-15T12:15:28","date_gmt":"2018-04-15T09:15:28","guid":{"rendered":"https:\/\/www.sana.sy\/es\/?p=80727"},"modified":"2018-04-15T19:10:28","modified_gmt":"2018-04-15T16:10:28","slug":"manifestaciones-en-los-angeles-y-washington-en-protesta-por-la-agresion-tripartita-a-siria","status":"publish","type":"post","link":"https:\/\/archive.sana.sy\/es\/?p=80727","title":{"rendered":"Manifestaciones en Los \u00c1ngeles y Washington en protesta por la agresi\u00f3n tripartita a Siria"},"content":{"rendered":"<p><span style=\"color: #800000\">Washington, SANA<\/span><\/p>\n<p>Las ciudades de Washington y Los \u00c1ngeles en EE.UU. han sido escenario de manifestaciones en protesta por la agresi\u00f3n tripartita lanzada por EE.UU., Francia y Gran Breta\u00f1a contra Siria.<\/p>\n<p>Reuters mencin\u00f3 que los manifestantes se concentraron fuera de la Casa Blanca y corearon consignas en repulsa a la agresi\u00f3n a Siria.<\/p>\n<p>Asimismo manifestantes se agruparon en el centro de la ciudad de Los \u00c1ngeles en protesta por la agresi\u00f3n tripartita y exigieron a EE.UU. y sus aliados abstenerse a lanzar m\u00e1s agresiones y no intervenir en los asuntos de Oriente Medio.<\/p>\n<p>As\u00ed como esta previsto que salgan hoy m\u00e1s manifestaciones contra la agresi\u00f3n tripartita a Siria en otras ciudades norteamericanas, inclusive en Nueva York.<\/p>\n<p><span style=\"color: #0000ff\">Riad Sh.\/ Dr. A. Shaban<\/span><\/p>\n","protected":false},"excerpt":{"rendered":"<p>Washington, SANA Las ciudades de Washington y Los \u00c1ngeles en EE.UU. han sido escenario de manifestaciones en protesta por la agresi\u00f3n tripartita lanzada por EE.UU., Francia y Gran Breta\u00f1a contra Siria. Reuters mencin\u00f3 que los manifestantes se concentraron fuera de la Casa Blanca y corearon consignas en repulsa a la agresi\u00f3n a Siria. Asimismo manifestantes &hellip;<\/p>\n","protected":false},"author":1,"featured_media":80728,"comment_status":"closed","ping_status":"closed","sticky":false,"template":"","format":"standard","meta":{"footnotes":""},"categories":[597,467,583],"tags":[11831],"class_list":["post-80727","post","type-post","status-publish","format-standard","has-post-thumbnail","","category-cinta-de-noticias","category-siria-y-el-mundo","category-slide","tag-manifestaciones-en-los-angeles-y-washington-en-protesta-por-la-agresion-tripartita-a-siria"],"_links":{"self":[{"href":"https:\/\/archive.sana.sy\/es\/index.php?rest_route=\/wp\/v2\/posts\/80727"}],"collection":[{"href":"https:\/\/archive.sana.sy\/es\/index.php?rest_route=\/wp\/v2\/posts"}],"about":[{"href":"https:\/\/archive.sana.sy\/es\/index.php?rest_route=\/wp\/v2\/types\/post"}],"author":[{"embeddable":true,"href":"https:\/\/archive.sana.sy\/es\/index.php?rest_route=\/wp\/v2\/users\/1"}],"replies":[{"embeddable":true,"href":"https:\/\/archive.sana.sy\/es\/index.php?rest_route=%2Fwp%2Fv2%2Fcomments&post=80727"}],"version-history":[{"count":0,"href":"https:\/\/archive.sana.sy\/es\/index.php?rest_route=\/wp\/v2\/posts\/80727\/revisions"}],"wp:featuredmedia":[{"embeddable":true,"href":"https:\/\/archive.sana.sy\/es\/index.php?rest_route=\/wp\/v2\/media\/80728"}],"wp:attachment":[{"href":"https:\/\/archive.sana.sy\/es\/index.php?rest_route=%2Fwp%2Fv2%2Fmedia&parent=80727"}],"wp:term":[{"taxonomy":"category","embeddable":true,"href":"https:\/\/archive.sana.sy\/es\/index.php?rest_route=%2Fwp%2Fv2%2Fcategories&post=80727"},{"taxonomy":"post_tag","embeddable":true,"href":"https:\/\/archive.sana.sy\/es\/index.php?rest_route=%2Fwp%2Fv2%2Ftags&post=80727"}],"curies":[{"name":"wp","href":"https:\/\/api.w.org\/{rel}","templated":true}]}}