{"id":80734,"date":"2018-04-15T15:23:01","date_gmt":"2018-04-15T12:23:01","guid":{"rendered":"https:\/\/www.sana.sy\/es\/?p=80734"},"modified":"2019-09-10T12:24:41","modified_gmt":"2019-09-10T09:24:41","slug":"el-presidente-bashar-al-assad-recibe-a-una-delegacion-del-partido-rusia-unida","status":"publish","type":"post","link":"https:\/\/archive.sana.sy\/es\/?p=80734","title":{"rendered":"El presidente Bashar al-Assad recibe a una delegaci\u00f3n del partido Rusia Unida"},"content":{"rendered":"<p><span style=\"color: #800000\">Damasco, SANA<\/span><\/p>\n<p>El presidente Bashar al-Assad recibi\u00f3 a la delegaci\u00f3n del partido Rusia Unida, gobernante en la Rep\u00fablica de la Federaci\u00f3n de Rusia.<br \/>\nLa conversaci\u00f3n gir\u00f3 en torno a los nuevos acontecimientos en Siria y la agresi\u00f3n tripartita que sufri\u00f3, adem\u00e1s de las relaciones hist\u00f3ricas que unen Siria con Rusia y las v\u00edas de reforzarlas en todos los \u00e1mbitos.<\/p>\n<p>Durante el encuentro el presidente afirm\u00f3 que &#8220;la agresi\u00f3n tripartita con misiles contra Siria fue acompa\u00f1ada con una campa\u00f1a de desinformaci\u00f3n y mentiras en el Consejo de Seguridad por los mismos estados de la agresi\u00f3n contra Siria y Rusia, lo cual confirma una vez m\u00e1s que los dos pa\u00edses libran la misma batalla no s\u00f3lo contra el terrorismo sino tambi\u00e9n por la protecci\u00f3n del derecho internacional basado en el respeto a la soberan\u00eda de los estados y la voluntad de sus pueblos.&#8221;<\/p>\n<p>En el marco de las relaciones bilaterales, el presidente al-Assad se\u00f1al\u00f3 la necesidad de fijar mecanismos ejecutivos para activar la cooperaci\u00f3n econ\u00f3mica entre los dos pa\u00edses, especialmente en el campo de la reconstrucci\u00f3n de Siria, se\u00f1alando al mismo tiempo la importancia de la colaboraci\u00f3n interparlamentaria en las instancias internacionales habida cuenta que el mundo vive un nuevo trazado del mapa pol\u00edtico mundial.<br \/>\nPor su parte los miembros de la delegaci\u00f3n condenaron la agresi\u00f3n tripartita a Siria afirmando que constituye una clara violaci\u00f3n de los tratados internacionales y viene en un momento en que los sirios buscan la estabilizaci\u00f3n y marchar adelante en el proceso de reconstruir lo devastado por el terrorismo.<\/p>\n<p>Los miembros de la delegaci\u00f3n recalcaron el deseo de la parte rusa en la consolidaci\u00f3n de la cooperaci\u00f3n con Siria en los \u00e1mbitos de la econom\u00eda, la reconstrucci\u00f3n y la suscripci\u00f3n de convenios de asociaci\u00f3n entre las ciudades y regiones en ambos pa\u00edses.<\/p>\n<p>La delegaci\u00f3n encabezada por el vicepresidente del Consejo Federal en la Rep\u00fablica de la Federaci\u00f3n de Rusia, Andre Torshak, adem\u00e1s de un n\u00famero de parlamentarios y el gobernador de la provincia de Khanty-Mansiysk.<\/p>\n<p>Riyad Sh., Lynn A.<\/p>\n","protected":false},"excerpt":{"rendered":"<p>Damasco, SANA El presidente Bashar al-Assad recibi\u00f3 a la delegaci\u00f3n del partido Rusia Unida, gobernante en la Rep\u00fablica de la Federaci\u00f3n de Rusia. La conversaci\u00f3n gir\u00f3 en torno a los nuevos acontecimientos en Siria y la agresi\u00f3n tripartita que sufri\u00f3, adem\u00e1s de las relaciones hist\u00f3ricas que unen Siria con Rusia y las v\u00edas de reforzarlas &hellip;<\/p>\n","protected":false},"author":24,"featured_media":80735,"comment_status":"closed","ping_status":"closed","sticky":false,"template":"","format":"standard","meta":{"footnotes":""},"categories":[597,16237,583,626],"tags":[],"class_list":["post-80734","post","type-post","status-publish","format-standard","has-post-thumbnail","","category-cinta-de-noticias","category-presidence-de-la-republique-arabe-syria","category-slide","category-sr-presidente"],"_links":{"self":[{"href":"https:\/\/archive.sana.sy\/es\/index.php?rest_route=\/wp\/v2\/posts\/80734"}],"collection":[{"href":"https:\/\/archive.sana.sy\/es\/index.php?rest_route=\/wp\/v2\/posts"}],"about":[{"href":"https:\/\/archive.sana.sy\/es\/index.php?rest_route=\/wp\/v2\/types\/post"}],"author":[{"embeddable":true,"href":"https:\/\/archive.sana.sy\/es\/index.php?rest_route=\/wp\/v2\/users\/24"}],"replies":[{"embeddable":true,"href":"https:\/\/archive.sana.sy\/es\/index.php?rest_route=%2Fwp%2Fv2%2Fcomments&post=80734"}],"version-history":[{"count":0,"href":"https:\/\/archive.sana.sy\/es\/index.php?rest_route=\/wp\/v2\/posts\/80734\/revisions"}],"wp:featuredmedia":[{"embeddable":true,"href":"https:\/\/archive.sana.sy\/es\/index.php?rest_route=\/wp\/v2\/media\/80735"}],"wp:attachment":[{"href":"https:\/\/archive.sana.sy\/es\/index.php?rest_route=%2Fwp%2Fv2%2Fmedia&parent=80734"}],"wp:term":[{"taxonomy":"category","embeddable":true,"href":"https:\/\/archive.sana.sy\/es\/index.php?rest_route=%2Fwp%2Fv2%2Fcategories&post=80734"},{"taxonomy":"post_tag","embeddable":true,"href":"https:\/\/archive.sana.sy\/es\/index.php?rest_route=%2Fwp%2Fv2%2Ftags&post=80734"}],"curies":[{"name":"wp","href":"https:\/\/api.w.org\/{rel}","templated":true}]}}