{"id":80751,"date":"2018-04-15T20:12:19","date_gmt":"2018-04-15T17:12:19","guid":{"rendered":"https:\/\/www.sana.sy\/es\/?p=80751"},"modified":"2018-04-15T20:12:19","modified_gmt":"2018-04-15T17:12:19","slug":"115-salas-de-cine-en-las-provincias-en-el-marco-del-proyecto-de-reconstruccion","status":"publish","type":"post","link":"https:\/\/archive.sana.sy\/es\/?p=80751","title":{"rendered":"115 salas de cine en las provincias en el marco del proyecto de reconstrucci\u00f3n"},"content":{"rendered":"<p><span style=\"color: #800000;\">Damasco-SANA<\/span><\/p>\n<p>El Establecimiento General de Cine pretende solucionar la falta de salas de cine en Siria, mediante un plan estrat\u00e9gico para construir unas 115 salas de cine en todas las provincias.<\/p>\n<p>El Establecimiento de Cine ve en este proyecto que se implementa en el marco de los proyectos de reconstrucci\u00f3n una oportunidad para animar las empresas del sector privado a la producci\u00f3n cinematogr\u00e1fica, y recompensar el n\u00famero de salas de cine que salieron de servicio, adem\u00e1s de recaudar buenas ganancias de las pel\u00edculas producidas por el establecimiento en lugar de ser un proyecto cultural financiado por el estado.<\/p>\n<p><span style=\"color: #0000ff;\">Akram. S<\/span><\/p>\n","protected":false},"excerpt":{"rendered":"<p>Damasco-SANA El Establecimiento General de Cine pretende solucionar la falta de salas de cine en Siria, mediante un plan estrat\u00e9gico para construir unas 115 salas de cine en todas las provincias. El Establecimiento de Cine ve en este proyecto que se implementa en el marco de los proyectos de reconstrucci\u00f3n una oportunidad para animar las &hellip;<\/p>\n","protected":false},"author":1,"featured_media":80752,"comment_status":"closed","ping_status":"closed","sticky":false,"template":"","format":"standard","meta":{"footnotes":""},"categories":[597,510,476,7541],"tags":[],"class_list":["post-80751","post","type-post","status-publish","format-standard","has-post-thumbnail","","category-cinta-de-noticias","category-arte-y-cultura","category-locales","category-ultimas-noticias"],"_links":{"self":[{"href":"https:\/\/archive.sana.sy\/es\/index.php?rest_route=\/wp\/v2\/posts\/80751"}],"collection":[{"href":"https:\/\/archive.sana.sy\/es\/index.php?rest_route=\/wp\/v2\/posts"}],"about":[{"href":"https:\/\/archive.sana.sy\/es\/index.php?rest_route=\/wp\/v2\/types\/post"}],"author":[{"embeddable":true,"href":"https:\/\/archive.sana.sy\/es\/index.php?rest_route=\/wp\/v2\/users\/1"}],"replies":[{"embeddable":true,"href":"https:\/\/archive.sana.sy\/es\/index.php?rest_route=%2Fwp%2Fv2%2Fcomments&post=80751"}],"version-history":[{"count":0,"href":"https:\/\/archive.sana.sy\/es\/index.php?rest_route=\/wp\/v2\/posts\/80751\/revisions"}],"wp:featuredmedia":[{"embeddable":true,"href":"https:\/\/archive.sana.sy\/es\/index.php?rest_route=\/wp\/v2\/media\/80752"}],"wp:attachment":[{"href":"https:\/\/archive.sana.sy\/es\/index.php?rest_route=%2Fwp%2Fv2%2Fmedia&parent=80751"}],"wp:term":[{"taxonomy":"category","embeddable":true,"href":"https:\/\/archive.sana.sy\/es\/index.php?rest_route=%2Fwp%2Fv2%2Fcategories&post=80751"},{"taxonomy":"post_tag","embeddable":true,"href":"https:\/\/archive.sana.sy\/es\/index.php?rest_route=%2Fwp%2Fv2%2Ftags&post=80751"}],"curies":[{"name":"wp","href":"https:\/\/api.w.org\/{rel}","templated":true}]}}