{"id":80930,"date":"2018-04-18T20:03:04","date_gmt":"2018-04-18T17:03:04","guid":{"rendered":"https:\/\/www.sana.sy\/es\/?p=80930"},"modified":"2023-01-10T15:16:37","modified_gmt":"2023-01-10T13:16:37","slug":"federacion-de-exportadores-organiza-en-mayo-la-mayor-feria-para-industrias-alimentarias","status":"publish","type":"post","link":"https:\/\/archive.sana.sy\/es\/?p=80930","title":{"rendered":"Federaci\u00f3n de Exportadores organiza en mayo la mayor feria para industrias alimentarias"},"content":{"rendered":"<p><span style=\"color: #800000\">Damasco, SANA<\/span><\/p>\n<p>La Federaci\u00f3n de Exportadores y la C\u00e1mara de Industria de Damasco y su campo organizan la mayor feria para industrias alimentarias destinadas a la exportaci\u00f3n entre el 10 y el 15 del pr\u00f3ximo mes de mayo.<\/p>\n<p>El presidente de la Federaci\u00f3n, Mohamad Sawah, se\u00f1al\u00f3 que la feria que tendr\u00e1 lugar en el recinto ferial de Damasco acoger\u00e1 a m\u00e1s de 800 importadores y empresarios de 30 pa\u00edses, incluyendo Europa, y los pa\u00edses vecinos.<\/p>\n<p>Destac\u00f3 que los productos agroalimentarios sirios siguen siendo exportados a 90 pa\u00edses a pesar de la crisis que vive el pa\u00eds.<\/p>\n<p>&nbsp;<\/p>\n<p>Lynn A.<\/p>\n","protected":false},"excerpt":{"rendered":"<p>Damasco, SANA La Federaci\u00f3n de Exportadores y la C\u00e1mara de Industria de Damasco y su campo organizan la mayor feria para industrias alimentarias destinadas a la exportaci\u00f3n entre el 10 y el 15 del pr\u00f3ximo mes de mayo. El presidente de la Federaci\u00f3n, Mohamad Sawah, se\u00f1al\u00f3 que la feria que tendr\u00e1 lugar en el recinto &hellip;<\/p>\n","protected":false},"author":24,"featured_media":80931,"comment_status":"closed","ping_status":"closed","sticky":false,"template":"","format":"standard","meta":{"footnotes":""},"categories":[485],"tags":[],"class_list":["post-80930","post","type-post","status-publish","format-standard","has-post-thumbnail","","category-informes-negocios-y-finanzas"],"_links":{"self":[{"href":"https:\/\/archive.sana.sy\/es\/index.php?rest_route=\/wp\/v2\/posts\/80930"}],"collection":[{"href":"https:\/\/archive.sana.sy\/es\/index.php?rest_route=\/wp\/v2\/posts"}],"about":[{"href":"https:\/\/archive.sana.sy\/es\/index.php?rest_route=\/wp\/v2\/types\/post"}],"author":[{"embeddable":true,"href":"https:\/\/archive.sana.sy\/es\/index.php?rest_route=\/wp\/v2\/users\/24"}],"replies":[{"embeddable":true,"href":"https:\/\/archive.sana.sy\/es\/index.php?rest_route=%2Fwp%2Fv2%2Fcomments&post=80930"}],"version-history":[{"count":0,"href":"https:\/\/archive.sana.sy\/es\/index.php?rest_route=\/wp\/v2\/posts\/80930\/revisions"}],"wp:featuredmedia":[{"embeddable":true,"href":"https:\/\/archive.sana.sy\/es\/index.php?rest_route=\/wp\/v2\/media\/80931"}],"wp:attachment":[{"href":"https:\/\/archive.sana.sy\/es\/index.php?rest_route=%2Fwp%2Fv2%2Fmedia&parent=80930"}],"wp:term":[{"taxonomy":"category","embeddable":true,"href":"https:\/\/archive.sana.sy\/es\/index.php?rest_route=%2Fwp%2Fv2%2Fcategories&post=80930"},{"taxonomy":"post_tag","embeddable":true,"href":"https:\/\/archive.sana.sy\/es\/index.php?rest_route=%2Fwp%2Fv2%2Ftags&post=80930"}],"curies":[{"name":"wp","href":"https:\/\/api.w.org\/{rel}","templated":true}]}}