{"id":80933,"date":"2018-04-18T20:21:28","date_gmt":"2018-04-18T17:21:28","guid":{"rendered":"https:\/\/www.sana.sy\/es\/?p=80933"},"modified":"2018-04-18T20:23:38","modified_gmt":"2018-04-18T17:23:38","slug":"equipos-del-ministerio-de-salud-aplican-vacunas-a-los-ninos-de-duma","status":"publish","type":"post","link":"https:\/\/archive.sana.sy\/es\/?p=80933","title":{"rendered":"Equipos del Ministerio de Salud aplican vacunas a los ni\u00f1os de Duma"},"content":{"rendered":"<p><span style=\"color: #800000\">Damasco-campo, SANA<\/span><\/p>\n<p>En el marco de los esfuerzos desempe\u00f1ados por los \u00f3rganos gubernamentales para normalizar la ciudad de Duma en Ghouta Oriental, equipos m\u00e9dicos del Ministerio de Salud vacunaron este mi\u00e9rcoles a numerosos ni\u00f1os.<\/p>\n<p>En declaraciones a la agencia SANA, vecinos de Duma expresaron su satisfacci\u00f3n por el restablecimiento de seguridad en su ciudad y en todos los pueblos y localidades de Ghouta Oriental, aclarando que los terroristas privaron a sus ni\u00f1os de la atenci\u00f3n m\u00e9dica, y destruyeron a la mayor\u00eda de vacunas y medicamentos antes de su salida hacia Yarablos.<\/p>\n<p>Exigieron reactivar la labor de los establecimientos de servicio y de la atenci\u00f3n m\u00e9dica lo antes posible.<\/p>\n<p>En el mismo contexto, el titular de Salud inform\u00f3 que su ministerio instal\u00f3 en la ciudad de Duma una cl\u00ednica ambulante manejada por un especializado equipo m\u00e9dico a fin de brindar todos los servicios de atenci\u00f3n sanitaria primaria, incluida la prenatal, a los habitantes de la ciudad.<\/p>\n<p>Explic\u00f3 que aplicar vacunas a los ni\u00f1os, atender a las embarazadas, y efectuar sesiones de psicoterapia son parte de este plan de respuesta del Ministerio.<\/p>\n<div id='gallery-1' class='gallery galleryid-80933 gallery-columns-3 gallery-size-thumbnail'><figure class='gallery-item'>\n\t\t\t<div class='gallery-icon landscape'>\n\t\t\t\t<a href='https:\/\/archive.sana.sy\/es\/wp-content\/uploads\/2018\/04\/ni\u00f1os-de-Duma.jpg'><img loading=\"lazy\" decoding=\"async\" width=\"150\" height=\"75\" src=\"https:\/\/archive.sana.sy\/es\/wp-content\/uploads\/2018\/04\/ni\u00f1os-de-Duma-150x75.jpg\" class=\"attachment-thumbnail size-thumbnail\" alt=\"\" srcset=\"https:\/\/archive.sana.sy\/es\/wp-content\/uploads\/2018\/04\/ni\u00f1os-de-Duma-150x75.jpg 150w, https:\/\/archive.sana.sy\/es\/wp-content\/uploads\/2018\/04\/ni\u00f1os-de-Duma-300x150.jpg 300w, https:\/\/archive.sana.sy\/es\/wp-content\/uploads\/2018\/04\/ni\u00f1os-de-Duma.jpg 660w\" sizes=\"(max-width: 150px) 100vw, 150px\" \/><\/a>\n\t\t\t<\/div><\/figure><figure class='gallery-item'>\n\t\t\t<div class='gallery-icon landscape'>\n\t\t\t\t<a href='https:\/\/archive.sana.sy\/es\/wp-content\/uploads\/2018\/04\/ni\u00f1os-de-Duma-1.jpg'><img loading=\"lazy\" decoding=\"async\" width=\"150\" height=\"95\" src=\"https:\/\/archive.sana.sy\/es\/wp-content\/uploads\/2018\/04\/ni\u00f1os-de-Duma-1-150x95.jpg\" class=\"attachment-thumbnail size-thumbnail\" alt=\"\" srcset=\"https:\/\/archive.sana.sy\/es\/wp-content\/uploads\/2018\/04\/ni\u00f1os-de-Duma-1-150x95.jpg 150w, https:\/\/archive.sana.sy\/es\/wp-content\/uploads\/2018\/04\/ni\u00f1os-de-Duma-1-300x191.jpg 300w, https:\/\/archive.sana.sy\/es\/wp-content\/uploads\/2018\/04\/ni\u00f1os-de-Duma-1-768x488.jpg 768w, https:\/\/archive.sana.sy\/es\/wp-content\/uploads\/2018\/04\/ni\u00f1os-de-Duma-1-1024x650.jpg 1024w, https:\/\/archive.sana.sy\/es\/wp-content\/uploads\/2018\/04\/ni\u00f1os-de-Duma-1.jpg 1200w\" sizes=\"(max-width: 150px) 100vw, 150px\" \/><\/a>\n\t\t\t<\/div><\/figure><figure class='gallery-item'>\n\t\t\t<div class='gallery-icon landscape'>\n\t\t\t\t<a href='https:\/\/archive.sana.sy\/es\/wp-content\/uploads\/2018\/04\/ni\u00f1os-de-Duma-2.jpg'><img loading=\"lazy\" decoding=\"async\" width=\"150\" height=\"108\" src=\"https:\/\/archive.sana.sy\/es\/wp-content\/uploads\/2018\/04\/ni\u00f1os-de-Duma-2-150x108.jpg\" class=\"attachment-thumbnail size-thumbnail\" alt=\"\" srcset=\"https:\/\/archive.sana.sy\/es\/wp-content\/uploads\/2018\/04\/ni\u00f1os-de-Duma-2-150x108.jpg 150w, https:\/\/archive.sana.sy\/es\/wp-content\/uploads\/2018\/04\/ni\u00f1os-de-Duma-2-300x215.jpg 300w, https:\/\/archive.sana.sy\/es\/wp-content\/uploads\/2018\/04\/ni\u00f1os-de-Duma-2-768x551.jpg 768w, https:\/\/archive.sana.sy\/es\/wp-content\/uploads\/2018\/04\/ni\u00f1os-de-Duma-2-1024x735.jpg 1024w, https:\/\/archive.sana.sy\/es\/wp-content\/uploads\/2018\/04\/ni\u00f1os-de-Duma-2.jpg 1200w\" sizes=\"(max-width: 150px) 100vw, 150px\" \/><\/a>\n\t\t\t<\/div><\/figure>\n\t\t<\/div>\n\n<p>Lynn A.<\/p>\n","protected":false},"excerpt":{"rendered":"<p>Damasco-campo, SANA En el marco de los esfuerzos desempe\u00f1ados por los \u00f3rganos gubernamentales para normalizar la ciudad de Duma en Ghouta Oriental, equipos m\u00e9dicos del Ministerio de Salud vacunaron este mi\u00e9rcoles a numerosos ni\u00f1os. En declaraciones a la agencia SANA, vecinos de Duma expresaron su satisfacci\u00f3n por el restablecimiento de seguridad en su ciudad y &hellip;<\/p>\n","protected":false},"author":24,"featured_media":80936,"comment_status":"closed","ping_status":"closed","sticky":false,"template":"","format":"standard","meta":{"footnotes":""},"categories":[476,7541],"tags":[],"class_list":["post-80933","post","type-post","status-publish","format-standard","has-post-thumbnail","","category-locales","category-ultimas-noticias"],"_links":{"self":[{"href":"https:\/\/archive.sana.sy\/es\/index.php?rest_route=\/wp\/v2\/posts\/80933"}],"collection":[{"href":"https:\/\/archive.sana.sy\/es\/index.php?rest_route=\/wp\/v2\/posts"}],"about":[{"href":"https:\/\/archive.sana.sy\/es\/index.php?rest_route=\/wp\/v2\/types\/post"}],"author":[{"embeddable":true,"href":"https:\/\/archive.sana.sy\/es\/index.php?rest_route=\/wp\/v2\/users\/24"}],"replies":[{"embeddable":true,"href":"https:\/\/archive.sana.sy\/es\/index.php?rest_route=%2Fwp%2Fv2%2Fcomments&post=80933"}],"version-history":[{"count":0,"href":"https:\/\/archive.sana.sy\/es\/index.php?rest_route=\/wp\/v2\/posts\/80933\/revisions"}],"wp:featuredmedia":[{"embeddable":true,"href":"https:\/\/archive.sana.sy\/es\/index.php?rest_route=\/wp\/v2\/media\/80936"}],"wp:attachment":[{"href":"https:\/\/archive.sana.sy\/es\/index.php?rest_route=%2Fwp%2Fv2%2Fmedia&parent=80933"}],"wp:term":[{"taxonomy":"category","embeddable":true,"href":"https:\/\/archive.sana.sy\/es\/index.php?rest_route=%2Fwp%2Fv2%2Fcategories&post=80933"},{"taxonomy":"post_tag","embeddable":true,"href":"https:\/\/archive.sana.sy\/es\/index.php?rest_route=%2Fwp%2Fv2%2Ftags&post=80933"}],"curies":[{"name":"wp","href":"https:\/\/api.w.org\/{rel}","templated":true}]}}