{"id":80995,"date":"2018-04-20T14:17:08","date_gmt":"2018-04-20T11:17:08","guid":{"rendered":"https:\/\/www.sana.sy\/es\/?p=80995"},"modified":"2018-04-20T18:08:52","modified_gmt":"2018-04-20T15:08:52","slug":"ataques-terroristas-hieren-civiles-civiles-en-damasco","status":"publish","type":"post","link":"https:\/\/archive.sana.sy\/es\/?p=80995","title":{"rendered":"Ataques terroristas hieren seis civiles en Damasco"},"content":{"rendered":"<p><span style=\"color: #800000\">Damasco, SANA<\/span>&#8211; Al menos seis civiles resultaron heridos por ataques terroristas con proyectiles de mortero contra la capital siria, divulg\u00f3 hoy el Comando de Polic\u00eda.<\/p>\n<p>Seg\u00fan esa fuente, cinco de los \u00a0lesionados \u00a0se ubicaron en el barrio el barrio de Al Tadamon, al sur de la ciudad.<\/p>\n<p>Otros proyectiles de mortero que causaron heridas a una persona y \u00a0da\u00f1os materiales, impactaron en el barrio de Al Zahera.<\/p>\n<p>Agreg\u00f3 que un proyectil cay\u00f3 en el barrio de Barza, donde los da\u00f1os se limitaron a p\u00e9rdidas materiales.<\/p>\n<p>El jueves pasado, cuatro personas cayeron m\u00e1rtires y otras 52 resultaron afectados por ataques terroristas con fuegos de mortero disparados contra los barrios de Al Tadampn, Al Qadam, Al Zahra y las aproximaciones sure\u00f1as del campamento de Yarmouk.<\/p>\n<p>&nbsp;<\/p>\n<p>M\/Miri<\/p>\n","protected":false},"excerpt":{"rendered":"<p>Damasco, SANA&#8211; Al menos seis civiles resultaron heridos por ataques terroristas con proyectiles de mortero contra la capital siria, divulg\u00f3 hoy el Comando de Polic\u00eda. Seg\u00fan esa fuente, cinco de los \u00a0lesionados \u00a0se ubicaron en el barrio el barrio de Al Tadamon, al sur de la ciudad. Otros proyectiles de mortero que causaron heridas a &hellip;<\/p>\n","protected":false},"author":1,"featured_media":80996,"comment_status":"closed","ping_status":"closed","sticky":false,"template":"","format":"standard","meta":{"footnotes":""},"categories":[477,597,573,476,583,7541],"tags":[11848],"class_list":["post-80995","post","type-post","status-publish","format-standard","has-post-thumbnail","","category-noticias-edulcorantes","category-cinta-de-noticias","category-la-realidad-de-los-acontecimientos-en-siria","category-locales","category-slide","category-ultimas-noticias","tag-heridos"],"_links":{"self":[{"href":"https:\/\/archive.sana.sy\/es\/index.php?rest_route=\/wp\/v2\/posts\/80995"}],"collection":[{"href":"https:\/\/archive.sana.sy\/es\/index.php?rest_route=\/wp\/v2\/posts"}],"about":[{"href":"https:\/\/archive.sana.sy\/es\/index.php?rest_route=\/wp\/v2\/types\/post"}],"author":[{"embeddable":true,"href":"https:\/\/archive.sana.sy\/es\/index.php?rest_route=\/wp\/v2\/users\/1"}],"replies":[{"embeddable":true,"href":"https:\/\/archive.sana.sy\/es\/index.php?rest_route=%2Fwp%2Fv2%2Fcomments&post=80995"}],"version-history":[{"count":0,"href":"https:\/\/archive.sana.sy\/es\/index.php?rest_route=\/wp\/v2\/posts\/80995\/revisions"}],"wp:featuredmedia":[{"embeddable":true,"href":"https:\/\/archive.sana.sy\/es\/index.php?rest_route=\/wp\/v2\/media\/80996"}],"wp:attachment":[{"href":"https:\/\/archive.sana.sy\/es\/index.php?rest_route=%2Fwp%2Fv2%2Fmedia&parent=80995"}],"wp:term":[{"taxonomy":"category","embeddable":true,"href":"https:\/\/archive.sana.sy\/es\/index.php?rest_route=%2Fwp%2Fv2%2Fcategories&post=80995"},{"taxonomy":"post_tag","embeddable":true,"href":"https:\/\/archive.sana.sy\/es\/index.php?rest_route=%2Fwp%2Fv2%2Ftags&post=80995"}],"curies":[{"name":"wp","href":"https:\/\/api.w.org\/{rel}","templated":true}]}}