{"id":81111,"date":"2018-04-22T08:57:47","date_gmt":"2018-04-22T05:57:47","guid":{"rendered":"https:\/\/www.sana.sy\/es\/?p=81111"},"modified":"2018-04-22T10:01:20","modified_gmt":"2018-04-22T07:01:20","slug":"salud-lanza-los-dias-nacionales-de-vacunacion-y-va-proyectada-a-los-ninos-menores-de-cinco-anos","status":"publish","type":"post","link":"https:\/\/archive.sana.sy\/es\/?p=81111","title":{"rendered":"Salud lanza los &#8220;d\u00edas nacionales de vacunaci\u00f3n&#8221; y va proyectada a los ni\u00f1os menores de cinco a\u00f1os"},"content":{"rendered":"<p><span style=\"color: #800000;\">Damasco, SANA<\/span><\/p>\n<p>El Ministerio de Salud ha lanzado hoy los &#8220;d\u00edas nacionales de vacunaci\u00f3n&#8221; que va proyectada a todos los ni\u00f1os menores de cinco a\u00f1os de edad, y se llevar\u00e1 a cabo en los centros de salud, los puestos m\u00e9dicos fijos y por equipos m\u00f3viles.<\/p>\n<p>La campa\u00f1a durar\u00e1 hasta el d\u00eda 30 de abril y participar\u00e1n en ella 911 centros de salud y 71 puestos m\u00e9dicos creados para este objetivo y est\u00e1n repartidos en todas las provincias, a\u00f1\u00e1dales 714 equipos m\u00f3viles y un personal de 8 mil trabajadores de salud.<\/p>\n<p>El Ministerio ha invitado a la poblaci\u00f3n a acompa\u00f1ar a sus hijos a los centros de salud o al m\u00e1s cercano equipo m\u00f3vil para administrarles la vacuna y evaluar su estado de vacunaci\u00f3n, afirmando la alta disponibilidad de los cuadros m\u00e9dicos, param\u00e9dicos y t\u00e9cnicos para llevar la campa\u00f1a exitosamente.<\/p>\n<p>La campa\u00f1a que coincide con la Semana de Vacunaci\u00f3n Regional va proyectada a alrededor de 2,79 millones de ni\u00f1os menores de cinco a\u00f1os y pretende llegar a los ni\u00f1os evadidos del Programa de Vacunaci\u00f3n Nacional y elevar su nivel hasta el 90% a nivel del pa\u00eds.<\/p>\n<p><span style=\"color: #0000ff;\">Riad Sh.\/ Dr. A. Shaban<\/span><\/p>\n","protected":false},"excerpt":{"rendered":"<p>Damasco, SANA El Ministerio de Salud ha lanzado hoy los &#8220;d\u00edas nacionales de vacunaci\u00f3n&#8221; que va proyectada a todos los ni\u00f1os menores de cinco a\u00f1os de edad, y se llevar\u00e1 a cabo en los centros de salud, los puestos m\u00e9dicos fijos y por equipos m\u00f3viles. La campa\u00f1a durar\u00e1 hasta el d\u00eda 30 de abril y &hellip;<\/p>\n","protected":false},"author":1,"featured_media":81112,"comment_status":"closed","ping_status":"closed","sticky":false,"template":"","format":"standard","meta":{"footnotes":""},"categories":[597,476,7541],"tags":[11861],"class_list":["post-81111","post","type-post","status-publish","format-standard","has-post-thumbnail","","category-cinta-de-noticias","category-locales","category-ultimas-noticias","tag-salud-lanza-los-dias-nacionales-de-vacunacion-y-va-proyectada-a-los-ninos-menores-de-cinco-anos"],"_links":{"self":[{"href":"https:\/\/archive.sana.sy\/es\/index.php?rest_route=\/wp\/v2\/posts\/81111"}],"collection":[{"href":"https:\/\/archive.sana.sy\/es\/index.php?rest_route=\/wp\/v2\/posts"}],"about":[{"href":"https:\/\/archive.sana.sy\/es\/index.php?rest_route=\/wp\/v2\/types\/post"}],"author":[{"embeddable":true,"href":"https:\/\/archive.sana.sy\/es\/index.php?rest_route=\/wp\/v2\/users\/1"}],"replies":[{"embeddable":true,"href":"https:\/\/archive.sana.sy\/es\/index.php?rest_route=%2Fwp%2Fv2%2Fcomments&post=81111"}],"version-history":[{"count":0,"href":"https:\/\/archive.sana.sy\/es\/index.php?rest_route=\/wp\/v2\/posts\/81111\/revisions"}],"wp:featuredmedia":[{"embeddable":true,"href":"https:\/\/archive.sana.sy\/es\/index.php?rest_route=\/wp\/v2\/media\/81112"}],"wp:attachment":[{"href":"https:\/\/archive.sana.sy\/es\/index.php?rest_route=%2Fwp%2Fv2%2Fmedia&parent=81111"}],"wp:term":[{"taxonomy":"category","embeddable":true,"href":"https:\/\/archive.sana.sy\/es\/index.php?rest_route=%2Fwp%2Fv2%2Fcategories&post=81111"},{"taxonomy":"post_tag","embeddable":true,"href":"https:\/\/archive.sana.sy\/es\/index.php?rest_route=%2Fwp%2Fv2%2Ftags&post=81111"}],"curies":[{"name":"wp","href":"https:\/\/api.w.org\/{rel}","templated":true}]}}