{"id":81121,"date":"2018-04-22T11:25:09","date_gmt":"2018-04-22T08:25:09","guid":{"rendered":"https:\/\/www.sana.sy\/es\/?p=81121"},"modified":"2018-04-22T17:15:13","modified_gmt":"2018-04-22T14:15:13","slug":"ejercito-asesta-golpes-concentrados-los-zulos-de-los-terroristas-en-hayar-al-aswad-al-sur-de-damasco","status":"publish","type":"post","link":"https:\/\/archive.sana.sy\/es\/?p=81121","title":{"rendered":"Ej\u00e9rcito asesta golpes concentrados los zulos de los terroristas en Hayar al-Aswad al sur de Damasco"},"content":{"rendered":"<p><span style=\"color: #800000\">Damasco, SANA<\/span><\/p>\n<p>El reportero de guerra de SANA inform\u00f3 que unidades del ej\u00e9rcito \u00e1rabe\u00a0sirio golpearon densamente las fortificaciones de los terroristas en\u00a0el barrio de Hayar al-Aswad al sur de Damasco, lo cual va en marco de\u00a0las operaciones militares por erradicar a los terroristas del sur de\u00a0la capital.<\/p>\n<p>Los golpes dejaron numerosas bajas entre las filas de los terroristas y causaron la destrucci\u00f3n de refugios, fortificaciones y dep\u00f3sitos de armas suyos, inform\u00f3 el reportero.<\/p>\n<p>A\u00f1adi\u00f3 que las unidades castrenses siguen ampliando su control de los extremos del referido barrio, avanzando de varios ejes.<\/p>\n<p>&nbsp;<\/p>\n<p><span style=\"color: #0000ff\">Riad Sh.\/ Dr. A. Shaban\/ L.A.<\/span><\/p>\n","protected":false},"excerpt":{"rendered":"<p>Damasco, SANA El reportero de guerra de SANA inform\u00f3 que unidades del ej\u00e9rcito \u00e1rabe\u00a0sirio golpearon densamente las fortificaciones de los terroristas en\u00a0el barrio de Hayar al-Aswad al sur de Damasco, lo cual va en marco de\u00a0las operaciones militares por erradicar a los terroristas del sur de\u00a0la capital. Los golpes dejaron numerosas bajas entre las filas &hellip;<\/p>\n","protected":false},"author":1,"featured_media":81152,"comment_status":"closed","ping_status":"closed","sticky":false,"template":"","format":"standard","meta":{"footnotes":""},"categories":[597,573,583],"tags":[11864],"class_list":["post-81121","post","type-post","status-publish","format-standard","has-post-thumbnail","","category-cinta-de-noticias","category-la-realidad-de-los-acontecimientos-en-siria","category-slide","tag-ejercito-asesta-golpes-concentrados-los-zulos-de-los-terroristas-en-hayar-al-aswad-al-sur-de-damasco"],"_links":{"self":[{"href":"https:\/\/archive.sana.sy\/es\/index.php?rest_route=\/wp\/v2\/posts\/81121"}],"collection":[{"href":"https:\/\/archive.sana.sy\/es\/index.php?rest_route=\/wp\/v2\/posts"}],"about":[{"href":"https:\/\/archive.sana.sy\/es\/index.php?rest_route=\/wp\/v2\/types\/post"}],"author":[{"embeddable":true,"href":"https:\/\/archive.sana.sy\/es\/index.php?rest_route=\/wp\/v2\/users\/1"}],"replies":[{"embeddable":true,"href":"https:\/\/archive.sana.sy\/es\/index.php?rest_route=%2Fwp%2Fv2%2Fcomments&post=81121"}],"version-history":[{"count":0,"href":"https:\/\/archive.sana.sy\/es\/index.php?rest_route=\/wp\/v2\/posts\/81121\/revisions"}],"wp:featuredmedia":[{"embeddable":true,"href":"https:\/\/archive.sana.sy\/es\/index.php?rest_route=\/wp\/v2\/media\/81152"}],"wp:attachment":[{"href":"https:\/\/archive.sana.sy\/es\/index.php?rest_route=%2Fwp%2Fv2%2Fmedia&parent=81121"}],"wp:term":[{"taxonomy":"category","embeddable":true,"href":"https:\/\/archive.sana.sy\/es\/index.php?rest_route=%2Fwp%2Fv2%2Fcategories&post=81121"},{"taxonomy":"post_tag","embeddable":true,"href":"https:\/\/archive.sana.sy\/es\/index.php?rest_route=%2Fwp%2Fv2%2Ftags&post=81121"}],"curies":[{"name":"wp","href":"https:\/\/api.w.org\/{rel}","templated":true}]}}