{"id":81124,"date":"2018-04-22T13:27:58","date_gmt":"2018-04-22T10:27:58","guid":{"rendered":"https:\/\/www.sana.sy\/es\/?p=81124"},"modified":"2019-09-10T12:24:11","modified_gmt":"2019-09-10T09:24:11","slug":"presidente-al-assad-acepta-las-credenciales-de-rashed-kamal-como-nuevo-embajador-de-pakistan-ante-siria","status":"publish","type":"post","link":"https:\/\/archive.sana.sy\/es\/?p=81124","title":{"rendered":"Presidente al-Assad acepta las credenciales de Rashed Kamal como nuevo embajador de Pakist\u00e1n ante Siria"},"content":{"rendered":"<p><span style=\"color: #800000\">Damasco, SANA<\/span><\/p>\n<p>El presidente Bashar al-Assad acept\u00f3 hoy las cartas credenciales de Rashed Kamal como embajador de la Rep\u00fablica de Pakist\u00e1n ante la Rep\u00fablica \u00c1rabe de Siria.<\/p>\n<p>Al-Assad recibi\u00f3 al embajador Kamal e intercambi\u00f3 con \u00e9l la conversaci\u00f3n y le dese\u00f3 \u00e9xitos en su misi\u00f3n.<\/p>\n<p>La ceremonia de presentaci\u00f3n de credenciales fue presenciada por Walid al-Mualem vicepresidente del Consejo de Ministros y ministro de Exteriores y Expatriados, y por Mansur Azzam ministro de Estado para Asuntos de la Presidencia de la Rep\u00fablica.<\/p>\n<p>El nuevo embajador pakistan\u00ed fue recibido y despedido en el Palacio del Pueblo acorde a la usanza protocolar.<\/p>\n<p><span style=\"color: #0000ff\">Riad Sh.\/ Dr. A. Shaban<\/span><\/p>\n","protected":false},"excerpt":{"rendered":"<p>Damasco, SANA El presidente Bashar al-Assad acept\u00f3 hoy las cartas credenciales de Rashed Kamal como embajador de la Rep\u00fablica de Pakist\u00e1n ante la Rep\u00fablica \u00c1rabe de Siria. Al-Assad recibi\u00f3 al embajador Kamal e intercambi\u00f3 con \u00e9l la conversaci\u00f3n y le dese\u00f3 \u00e9xitos en su misi\u00f3n. La ceremonia de presentaci\u00f3n de credenciales fue presenciada por Walid &hellip;<\/p>\n","protected":false},"author":1,"featured_media":81125,"comment_status":"closed","ping_status":"closed","sticky":false,"template":"","format":"standard","meta":{"footnotes":""},"categories":[597,476,16237,467,583,626],"tags":[11865],"class_list":["post-81124","post","type-post","status-publish","format-standard","has-post-thumbnail","","category-cinta-de-noticias","category-locales","category-presidence-de-la-republique-arabe-syria","category-siria-y-el-mundo","category-slide","category-sr-presidente","tag-presidente-al-assad-acepta-las-credenciales-de-rashed-kamal-como-nuevo-embajador-de-pakistan-ante-siria"],"_links":{"self":[{"href":"https:\/\/archive.sana.sy\/es\/index.php?rest_route=\/wp\/v2\/posts\/81124"}],"collection":[{"href":"https:\/\/archive.sana.sy\/es\/index.php?rest_route=\/wp\/v2\/posts"}],"about":[{"href":"https:\/\/archive.sana.sy\/es\/index.php?rest_route=\/wp\/v2\/types\/post"}],"author":[{"embeddable":true,"href":"https:\/\/archive.sana.sy\/es\/index.php?rest_route=\/wp\/v2\/users\/1"}],"replies":[{"embeddable":true,"href":"https:\/\/archive.sana.sy\/es\/index.php?rest_route=%2Fwp%2Fv2%2Fcomments&post=81124"}],"version-history":[{"count":0,"href":"https:\/\/archive.sana.sy\/es\/index.php?rest_route=\/wp\/v2\/posts\/81124\/revisions"}],"wp:featuredmedia":[{"embeddable":true,"href":"https:\/\/archive.sana.sy\/es\/index.php?rest_route=\/wp\/v2\/media\/81125"}],"wp:attachment":[{"href":"https:\/\/archive.sana.sy\/es\/index.php?rest_route=%2Fwp%2Fv2%2Fmedia&parent=81124"}],"wp:term":[{"taxonomy":"category","embeddable":true,"href":"https:\/\/archive.sana.sy\/es\/index.php?rest_route=%2Fwp%2Fv2%2Fcategories&post=81124"},{"taxonomy":"post_tag","embeddable":true,"href":"https:\/\/archive.sana.sy\/es\/index.php?rest_route=%2Fwp%2Fv2%2Ftags&post=81124"}],"curies":[{"name":"wp","href":"https:\/\/api.w.org\/{rel}","templated":true}]}}