{"id":81165,"date":"2018-04-22T18:31:00","date_gmt":"2018-04-22T15:31:00","guid":{"rendered":"https:\/\/www.sana.sy\/es\/?p=81165"},"modified":"2018-04-22T18:31:00","modified_gmt":"2018-04-22T15:31:00","slug":"los-patrocinadores-del-terrorismo-delatan-el-uno-al-otro","status":"publish","type":"post","link":"https:\/\/archive.sana.sy\/es\/?p=81165","title":{"rendered":"Los patrocinadores del terrorismo delatan el uno al otro"},"content":{"rendered":"<p>Ankara-SANA<\/p>\n<p>El presidente del r\u00e9gimen turco Reyeb Erdogan revel\u00f3 que los EEUU envi\u00f3 miles de camiones cargados con armas a los terroristas conocidos por Washington como \u00a8la oposici\u00f3n moderada\u00a8.<\/p>\n<p>A saber, que EEUU, Turqu\u00eda y los monarcas del Golfo apoyaron a las organizaciones terroristas con armas y dinero durante los a\u00f1os de guerra contra Siria, mientras informes de inteligencia afirmaron que las armas enviadas terminaron en manos de las organizaciones terroristas de DAESH y del Frente Al-Nusra.<\/p>\n<p>Erdogan dijo en una entrevista con el canal turco NTV, que EEUU envi\u00f3 cinco mil camiones cargados con armas al norte de Siria y entreg\u00f3 desde el aire dos mil cargamentos, bajo el pretexto de la lucha contra DAESH.<\/p>\n<p>J.K.<\/p>\n","protected":false},"excerpt":{"rendered":"<p>Ankara-SANA El presidente del r\u00e9gimen turco Reyeb Erdogan revel\u00f3 que los EEUU envi\u00f3 miles de camiones cargados con armas a los terroristas conocidos por Washington como \u00a8la oposici\u00f3n moderada\u00a8. A saber, que EEUU, Turqu\u00eda y los monarcas del Golfo apoyaron a las organizaciones terroristas con armas y dinero durante los a\u00f1os de guerra contra Siria, &hellip;<\/p>\n","protected":false},"author":1,"featured_media":81166,"comment_status":"closed","ping_status":"closed","sticky":false,"template":"","format":"standard","meta":{"footnotes":""},"categories":[456,7541],"tags":[],"class_list":["post-81165","post","type-post","status-publish","format-standard","has-post-thumbnail","","category-arabe-internacional-politica","category-ultimas-noticias"],"_links":{"self":[{"href":"https:\/\/archive.sana.sy\/es\/index.php?rest_route=\/wp\/v2\/posts\/81165"}],"collection":[{"href":"https:\/\/archive.sana.sy\/es\/index.php?rest_route=\/wp\/v2\/posts"}],"about":[{"href":"https:\/\/archive.sana.sy\/es\/index.php?rest_route=\/wp\/v2\/types\/post"}],"author":[{"embeddable":true,"href":"https:\/\/archive.sana.sy\/es\/index.php?rest_route=\/wp\/v2\/users\/1"}],"replies":[{"embeddable":true,"href":"https:\/\/archive.sana.sy\/es\/index.php?rest_route=%2Fwp%2Fv2%2Fcomments&post=81165"}],"version-history":[{"count":0,"href":"https:\/\/archive.sana.sy\/es\/index.php?rest_route=\/wp\/v2\/posts\/81165\/revisions"}],"wp:featuredmedia":[{"embeddable":true,"href":"https:\/\/archive.sana.sy\/es\/index.php?rest_route=\/wp\/v2\/media\/81166"}],"wp:attachment":[{"href":"https:\/\/archive.sana.sy\/es\/index.php?rest_route=%2Fwp%2Fv2%2Fmedia&parent=81165"}],"wp:term":[{"taxonomy":"category","embeddable":true,"href":"https:\/\/archive.sana.sy\/es\/index.php?rest_route=%2Fwp%2Fv2%2Fcategories&post=81165"},{"taxonomy":"post_tag","embeddable":true,"href":"https:\/\/archive.sana.sy\/es\/index.php?rest_route=%2Fwp%2Fv2%2Ftags&post=81165"}],"curies":[{"name":"wp","href":"https:\/\/api.w.org\/{rel}","templated":true}]}}