{"id":81169,"date":"2018-04-22T20:00:59","date_gmt":"2018-04-22T17:00:59","guid":{"rendered":"https:\/\/www.sana.sy\/es\/?p=81169"},"modified":"2018-04-22T20:00:59","modified_gmt":"2018-04-22T17:00:59","slug":"el-consejo-de-ministros-debate-ampliar-el-numero-de-beneficiarios-de-jubilados-del-ejercito-del-fondo-de-seguro-medico","status":"publish","type":"post","link":"https:\/\/archive.sana.sy\/es\/?p=81169","title":{"rendered":"El consejo de ministros debate \u00a0ampliar el n\u00famero de beneficiarios de jubilados del Ej\u00e9rcito del fondo de seguro m\u00e9dico"},"content":{"rendered":"<p><span style=\"color: #800000;\">Damasco \u2013SANA<\/span><\/p>\n<p>El consejo de ministros debati\u00f3 el proyecto de ley que estipula modificar el art\u00edculo 3 del decreto legislativo n\u00famero 51 del a\u00f1o 2003, que regula la creaci\u00f3n de un fondo de seguro m\u00e9dico para los jubilados del Ej\u00e9rcito sirio, y aprob\u00f3 presentarlo ante las autoridades competentes.<\/p>\n<p>El motivo de la modificaci\u00f3n es por las lesiones que puedan sufrir los soldados del Ej\u00e9rcito durante los combates contra los grupos terroristas, y tiene por objetivo ampliar el n\u00famero de militares que se benefician del seguro m\u00e9dico, e incluir a quienes tengan un porcentaje de discapacidad menor del porcentaje fijado en las legislaciones actuales.<\/p>\n<p>El consejo exigi\u00f3 al ministerio de Exteriores que las misiones diplom\u00e1ticas en el exterior tengan buenos lazos con los inversionistas sirios que desean volver a invertir y emprender proyectos en Siria.<\/p>\n<p>Asimismo encarg\u00f3 al ministerio de Econom\u00eda y Comercio Exterior poner reglas de organizar las ferias, por el incremento del n\u00famero de las partes interesadas en organizar ferias en Siria tras restablecer la seguridad y la estabilidad en las diferentes zonas, y el arranque del proceso productivo.<\/p>\n<p><span style=\"color: #0000ff;\">Akram. S<\/span><\/p>\n","protected":false},"excerpt":{"rendered":"<p>Damasco \u2013SANA El consejo de ministros debati\u00f3 el proyecto de ley que estipula modificar el art\u00edculo 3 del decreto legislativo n\u00famero 51 del a\u00f1o 2003, que regula la creaci\u00f3n de un fondo de seguro m\u00e9dico para los jubilados del Ej\u00e9rcito sirio, y aprob\u00f3 presentarlo ante las autoridades competentes. El motivo de la modificaci\u00f3n es por &hellip;<\/p>\n","protected":false},"author":1,"featured_media":81170,"comment_status":"closed","ping_status":"closed","sticky":false,"template":"","format":"standard","meta":{"footnotes":""},"categories":[597,476,7541],"tags":[],"class_list":["post-81169","post","type-post","status-publish","format-standard","has-post-thumbnail","","category-cinta-de-noticias","category-locales","category-ultimas-noticias"],"_links":{"self":[{"href":"https:\/\/archive.sana.sy\/es\/index.php?rest_route=\/wp\/v2\/posts\/81169"}],"collection":[{"href":"https:\/\/archive.sana.sy\/es\/index.php?rest_route=\/wp\/v2\/posts"}],"about":[{"href":"https:\/\/archive.sana.sy\/es\/index.php?rest_route=\/wp\/v2\/types\/post"}],"author":[{"embeddable":true,"href":"https:\/\/archive.sana.sy\/es\/index.php?rest_route=\/wp\/v2\/users\/1"}],"replies":[{"embeddable":true,"href":"https:\/\/archive.sana.sy\/es\/index.php?rest_route=%2Fwp%2Fv2%2Fcomments&post=81169"}],"version-history":[{"count":0,"href":"https:\/\/archive.sana.sy\/es\/index.php?rest_route=\/wp\/v2\/posts\/81169\/revisions"}],"wp:featuredmedia":[{"embeddable":true,"href":"https:\/\/archive.sana.sy\/es\/index.php?rest_route=\/wp\/v2\/media\/81170"}],"wp:attachment":[{"href":"https:\/\/archive.sana.sy\/es\/index.php?rest_route=%2Fwp%2Fv2%2Fmedia&parent=81169"}],"wp:term":[{"taxonomy":"category","embeddable":true,"href":"https:\/\/archive.sana.sy\/es\/index.php?rest_route=%2Fwp%2Fv2%2Fcategories&post=81169"},{"taxonomy":"post_tag","embeddable":true,"href":"https:\/\/archive.sana.sy\/es\/index.php?rest_route=%2Fwp%2Fv2%2Ftags&post=81169"}],"curies":[{"name":"wp","href":"https:\/\/api.w.org\/{rel}","templated":true}]}}