{"id":81189,"date":"2018-04-23T08:44:55","date_gmt":"2018-04-23T05:44:55","guid":{"rendered":"https:\/\/www.sana.sy\/es\/?p=81189"},"modified":"2018-04-23T08:44:55","modified_gmt":"2018-04-23T05:44:55","slug":"patriarca-yazeyi-estamos-aferrados-a-siria-la-tierra-del-primer-cristianismo","status":"publish","type":"post","link":"https:\/\/archive.sana.sy\/es\/?p=81189","title":{"rendered":"Patriarca Yazeyi: \u201cEstamos aferrados a Siria, la tierra del primer cristianismo\u201d"},"content":{"rendered":"<p><span style=\"color: #800000;\">Damasco, SANA<\/span><\/p>\n<p>El Patriarca de Antioqu\u00eda y todo Oriente para Greco-ortodoxos, Yohana X Yazeyi, encabez\u00f3 una misma con motivo del quinto aniversario del secuestro del arzobispo de Alepo para la Iglesia Greco-ortodoxa, Pablo Yazeyi, y del arzobispo de Alepo para la Iglesia Sir\u00edaco-ortodoxa, Yohana Ibrahim.<\/p>\n<p>Ambos arzobispos fueron secuestrados por los grupos terroristas en el norte de Alepo en el a\u00f1o 2013.<\/p>\n<p>La misa se celebr\u00f3 en la Iglesia de la Santa Cruz en Damasco, donde se elevaron las oraciones para la liberaci\u00f3n de los dos cl\u00e9rigos y para el retorno de la paz a Siria.<\/p>\n<p>En su serm\u00f3n, el Patriarca Yazeyi subray\u00f3 que Siria es la tierra del primer cristianismo y los cristianos est\u00e1n aferrados a esta tierra y sembrados en ella sean lo que sean los intentos de intimidaci\u00f3n a trav\u00e9s del terrorismo.<\/p>\n<p>\u201cSi el secuestro de los dos arzobispos busca intimidarnos, nosotros nunca seremos intimidados y siempre apoyaremos al Ej\u00e9rcito y al presidente Bashar\u201d, dijo el patriarca.<\/p>\n<p>Denunci\u00f3 el silencio internacional hacia la causa humanitaria de Siria y su lucha contra el terrorismo.<\/p>\n<p>Concluy\u00f3 que lo que est\u00e1 viviendo Siria desde hace siete a\u00f1os es una guerra terrorista que algunos llaman falsamente \u201cprimavera\u201d.<\/p>\n<p><span style=\"color: #0000ff;\">F. Marouf\/ Dr. A. Shaban<\/span><\/p>\n","protected":false},"excerpt":{"rendered":"<p>Damasco, SANA El Patriarca de Antioqu\u00eda y todo Oriente para Greco-ortodoxos, Yohana X Yazeyi, encabez\u00f3 una misma con motivo del quinto aniversario del secuestro del arzobispo de Alepo para la Iglesia Greco-ortodoxa, Pablo Yazeyi, y del arzobispo de Alepo para la Iglesia Sir\u00edaco-ortodoxa, Yohana Ibrahim. Ambos arzobispos fueron secuestrados por los grupos terroristas en el &hellip;<\/p>\n","protected":false},"author":1,"featured_media":81190,"comment_status":"closed","ping_status":"closed","sticky":false,"template":"","format":"standard","meta":{"footnotes":""},"categories":[597,476,7541],"tags":[11868],"class_list":["post-81189","post","type-post","status-publish","format-standard","has-post-thumbnail","","category-cinta-de-noticias","category-locales","category-ultimas-noticias","tag-patriarca-yazeyi-estamos-aferrados-a-siria-la-tierra-del-primer-cristianismo"],"_links":{"self":[{"href":"https:\/\/archive.sana.sy\/es\/index.php?rest_route=\/wp\/v2\/posts\/81189"}],"collection":[{"href":"https:\/\/archive.sana.sy\/es\/index.php?rest_route=\/wp\/v2\/posts"}],"about":[{"href":"https:\/\/archive.sana.sy\/es\/index.php?rest_route=\/wp\/v2\/types\/post"}],"author":[{"embeddable":true,"href":"https:\/\/archive.sana.sy\/es\/index.php?rest_route=\/wp\/v2\/users\/1"}],"replies":[{"embeddable":true,"href":"https:\/\/archive.sana.sy\/es\/index.php?rest_route=%2Fwp%2Fv2%2Fcomments&post=81189"}],"version-history":[{"count":0,"href":"https:\/\/archive.sana.sy\/es\/index.php?rest_route=\/wp\/v2\/posts\/81189\/revisions"}],"wp:featuredmedia":[{"embeddable":true,"href":"https:\/\/archive.sana.sy\/es\/index.php?rest_route=\/wp\/v2\/media\/81190"}],"wp:attachment":[{"href":"https:\/\/archive.sana.sy\/es\/index.php?rest_route=%2Fwp%2Fv2%2Fmedia&parent=81189"}],"wp:term":[{"taxonomy":"category","embeddable":true,"href":"https:\/\/archive.sana.sy\/es\/index.php?rest_route=%2Fwp%2Fv2%2Fcategories&post=81189"},{"taxonomy":"post_tag","embeddable":true,"href":"https:\/\/archive.sana.sy\/es\/index.php?rest_route=%2Fwp%2Fv2%2Ftags&post=81189"}],"curies":[{"name":"wp","href":"https:\/\/api.w.org\/{rel}","templated":true}]}}