{"id":81192,"date":"2018-04-23T10:06:37","date_gmt":"2018-04-23T07:06:37","guid":{"rendered":"https:\/\/www.sana.sy\/es\/?p=81192"},"modified":"2018-04-23T10:06:37","modified_gmt":"2018-04-23T07:06:37","slug":"zarif-todos-deberian-prestar-atencion-a-la-solucion-politica-en-siria","status":"publish","type":"post","link":"https:\/\/archive.sana.sy\/es\/?p=81192","title":{"rendered":"Zarif: Todos deber\u00edan prestar atenci\u00f3n a la soluci\u00f3n pol\u00edtica en Siria"},"content":{"rendered":"<p><span style=\"color: #800000;\">Nueva York, SANA<\/span><\/p>\n<p>El ministro de Exteriores de Ir\u00e1n, Mohammad Javad Zarif, destac\u00f3 la importancia de trabajar para lograr una soluci\u00f3n pol\u00edtica en Siria y alejarse de la mentalidad militar.<\/p>\n<p>En una entrevista con el sitio web &#8220;US Monitor&#8221; durante su visita a Nueva York, Zarif dijo: &#8220;todos deber\u00edan alejarse de la mentalidad de la estrategia militar en Siria y ocuparse de la soluci\u00f3n pol\u00edtica&#8221;.<\/p>\n<p>Sobre la agresi\u00f3n israel\u00ed contra el aeropuerto T-4 cerca de Homs, el canciller iran\u00ed hizo hincapi\u00e9 en que este ataque constituye una violaci\u00f3n de la soberan\u00eda de Siria, se\u00f1alando que el enemigo sionista cometi\u00f3 varias violaciones de este tipo y este comportamiento genera constantemente m\u00e1s fuerzas de la resistencia.<\/p>\n<p><span style=\"color: #0000ff;\">F. Marouf\/ Dr. A. Shaban<\/span><\/p>\n","protected":false},"excerpt":{"rendered":"<p>Nueva York, SANA El ministro de Exteriores de Ir\u00e1n, Mohammad Javad Zarif, destac\u00f3 la importancia de trabajar para lograr una soluci\u00f3n pol\u00edtica en Siria y alejarse de la mentalidad militar. En una entrevista con el sitio web &#8220;US Monitor&#8221; durante su visita a Nueva York, Zarif dijo: &#8220;todos deber\u00edan alejarse de la mentalidad de la &hellip;<\/p>\n","protected":false},"author":1,"featured_media":81193,"comment_status":"closed","ping_status":"closed","sticky":false,"template":"","format":"standard","meta":{"footnotes":""},"categories":[597,467,7541],"tags":[11869],"class_list":["post-81192","post","type-post","status-publish","format-standard","has-post-thumbnail","","category-cinta-de-noticias","category-siria-y-el-mundo","category-ultimas-noticias","tag-zarif-todos-deberian-prestar-atencion-a-la-solucion-politica-en-siria"],"_links":{"self":[{"href":"https:\/\/archive.sana.sy\/es\/index.php?rest_route=\/wp\/v2\/posts\/81192"}],"collection":[{"href":"https:\/\/archive.sana.sy\/es\/index.php?rest_route=\/wp\/v2\/posts"}],"about":[{"href":"https:\/\/archive.sana.sy\/es\/index.php?rest_route=\/wp\/v2\/types\/post"}],"author":[{"embeddable":true,"href":"https:\/\/archive.sana.sy\/es\/index.php?rest_route=\/wp\/v2\/users\/1"}],"replies":[{"embeddable":true,"href":"https:\/\/archive.sana.sy\/es\/index.php?rest_route=%2Fwp%2Fv2%2Fcomments&post=81192"}],"version-history":[{"count":0,"href":"https:\/\/archive.sana.sy\/es\/index.php?rest_route=\/wp\/v2\/posts\/81192\/revisions"}],"wp:featuredmedia":[{"embeddable":true,"href":"https:\/\/archive.sana.sy\/es\/index.php?rest_route=\/wp\/v2\/media\/81193"}],"wp:attachment":[{"href":"https:\/\/archive.sana.sy\/es\/index.php?rest_route=%2Fwp%2Fv2%2Fmedia&parent=81192"}],"wp:term":[{"taxonomy":"category","embeddable":true,"href":"https:\/\/archive.sana.sy\/es\/index.php?rest_route=%2Fwp%2Fv2%2Fcategories&post=81192"},{"taxonomy":"post_tag","embeddable":true,"href":"https:\/\/archive.sana.sy\/es\/index.php?rest_route=%2Fwp%2Fv2%2Ftags&post=81192"}],"curies":[{"name":"wp","href":"https:\/\/api.w.org\/{rel}","templated":true}]}}