{"id":81205,"date":"2018-04-23T17:40:25","date_gmt":"2018-04-23T14:40:25","guid":{"rendered":"https:\/\/www.sana.sy\/es\/?p=81205"},"modified":"2019-09-10T12:23:46","modified_gmt":"2019-09-10T09:23:46","slug":"al-assad-afirma-que-la-agresion-tripartita-contra-siria-no-detendra-la-lucha-contra-el-terrorismo","status":"publish","type":"post","link":"https:\/\/archive.sana.sy\/es\/?p=81205","title":{"rendered":"Al-Assad afirma que la agresi\u00f3n tripartita contra Siria no detendr\u00e1 la lucha contra el terrorismo"},"content":{"rendered":"<p>Damasco-SANA<\/p>\n<p>El presidente Bashar Al-Assad ha destacado que la agresi\u00f3n tripartita contra Siria no detendr\u00e1 la lucha contra el terrorismo.<br \/>\nAl recibir al Asistente Especial del Ministro de Asuntos Exteriores de Ir\u00e1n para Asuntos Pol\u00edticos, Hussein Jabri Ansari, y la delegaci\u00f3n que lo acompa\u00f1aba, Al-Assad se\u00f1al\u00f3 que dichos pa\u00edses y sus instrumentos regionales apoyaban los terroristas desde el primer d\u00eda de la guerra contra Siria, agregando que su reci\u00e9n agresi\u00f3n directa no detendr\u00e1 la guerra contra el terrorismo que \u201cseguir\u00e1 hasta recuperar todo el territorio sirio\u201d, subray\u00f3.<br \/>\nAnsari por su parte le puso al tanto al presidente Al-Assad sobre los esfuerzos desempe\u00f1ados por Ir\u00e1n en el nivel pol\u00edtico para ayudar a terminar la guerra contra Siria.<br \/>\nAfirmo que las victorias logradas por el ej\u00e9rcito sirio en colaboraci\u00f3n con las fuerzas populares y aliadas sobre el terrorismo es el verdadero motivo de la agresi\u00f3n lanzada por EEUU, Francia y Gran Breta\u00f1a a Siria, adem\u00e1s de su temor de que esas victorias se extiendan a nuevas zonas.<br \/>\nDurante el encuentro ambos abordaron los \u00faltimos acontecimientos en cuanto a la situaci\u00f3n sobre el terreno.<\/p>\n<p>En el mismo contexto, el canciller Walid Mouallem se reuni\u00f3 con Ansari y examin\u00f3 con \u00e9l las relaciones estrat\u00e9gicas entre Siria e ir\u00e1n y los esfuerzos conjuntos de ambos pa\u00edses contra el terrorismo, adem\u00e1s de la evoluci\u00f3n sobre el terreno y la pol\u00edtica en Siria y la regi\u00f3n tras la agresi\u00f3n tripartita.<\/p>\n<p>Y.K.<\/p>\n","protected":false},"excerpt":{"rendered":"<p>Damasco-SANA El presidente Bashar Al-Assad ha destacado que la agresi\u00f3n tripartita contra Siria no detendr\u00e1 la lucha contra el terrorismo. Al recibir al Asistente Especial del Ministro de Asuntos Exteriores de Ir\u00e1n para Asuntos Pol\u00edticos, Hussein Jabri Ansari, y la delegaci\u00f3n que lo acompa\u00f1aba, Al-Assad se\u00f1al\u00f3 que dichos pa\u00edses y sus instrumentos regionales apoyaban los &hellip;<\/p>\n","protected":false},"author":1,"featured_media":81206,"comment_status":"closed","ping_status":"closed","sticky":false,"template":"","format":"standard","meta":{"footnotes":""},"categories":[16237,583,626],"tags":[],"class_list":["post-81205","post","type-post","status-publish","format-standard","has-post-thumbnail","","category-presidence-de-la-republique-arabe-syria","category-slide","category-sr-presidente"],"_links":{"self":[{"href":"https:\/\/archive.sana.sy\/es\/index.php?rest_route=\/wp\/v2\/posts\/81205"}],"collection":[{"href":"https:\/\/archive.sana.sy\/es\/index.php?rest_route=\/wp\/v2\/posts"}],"about":[{"href":"https:\/\/archive.sana.sy\/es\/index.php?rest_route=\/wp\/v2\/types\/post"}],"author":[{"embeddable":true,"href":"https:\/\/archive.sana.sy\/es\/index.php?rest_route=\/wp\/v2\/users\/1"}],"replies":[{"embeddable":true,"href":"https:\/\/archive.sana.sy\/es\/index.php?rest_route=%2Fwp%2Fv2%2Fcomments&post=81205"}],"version-history":[{"count":0,"href":"https:\/\/archive.sana.sy\/es\/index.php?rest_route=\/wp\/v2\/posts\/81205\/revisions"}],"wp:featuredmedia":[{"embeddable":true,"href":"https:\/\/archive.sana.sy\/es\/index.php?rest_route=\/wp\/v2\/media\/81206"}],"wp:attachment":[{"href":"https:\/\/archive.sana.sy\/es\/index.php?rest_route=%2Fwp%2Fv2%2Fmedia&parent=81205"}],"wp:term":[{"taxonomy":"category","embeddable":true,"href":"https:\/\/archive.sana.sy\/es\/index.php?rest_route=%2Fwp%2Fv2%2Fcategories&post=81205"},{"taxonomy":"post_tag","embeddable":true,"href":"https:\/\/archive.sana.sy\/es\/index.php?rest_route=%2Fwp%2Fv2%2Ftags&post=81205"}],"curies":[{"name":"wp","href":"https:\/\/api.w.org\/{rel}","templated":true}]}}