{"id":81224,"date":"2018-04-24T09:07:16","date_gmt":"2018-04-24T06:07:16","guid":{"rendered":"https:\/\/www.sana.sy\/es\/?p=81224"},"modified":"2018-04-24T11:09:09","modified_gmt":"2018-04-24T08:09:09","slug":"presidente-del-parlamento-se-reune-con-el-embajador-de-corea-del-norte-en-damasco","status":"publish","type":"post","link":"https:\/\/archive.sana.sy\/es\/?p=81224","title":{"rendered":"Presidente del Parlamento se re\u00fane con el embajador de Corea del Norte en Damasco"},"content":{"rendered":"<p><span style=\"color: #800000;\">Damasco, SANA<\/span><\/p>\n<p>El presidente de la Asamblea del Pueblo, Hamouda Sabbagh, afirm\u00f3 la importancia de fortalecer y desarrollar las relaciones parlamentarias entre Siria y la Rep\u00fablica Popular Democr\u00e1tica de Corea (RPDC), as\u00ed como resalt\u00f3 las enraizadas relaciones entre los dos pa\u00edses y pueblos amigos.<\/p>\n<p>Durante su reuni\u00f3n con el embajador de la RPDC en Damasco, Zhang Myung-ho, con motivo del t\u00e9rmino de su misi\u00f3n como embajador plenipotenciario y extraordinario de su pa\u00eds en Siria, Sabbag dijo que &#8220;Siria apoya al liderazgo, al gobierno y al pueblo de Corea del Norte en su enfrentamiento a las fuerzas hegem\u00f3nicas e imperialistas\u201d.<\/p>\n<p>Hizo hincapi\u00e9 en que el pueblo sirio siempre ha apoyado y apoyar\u00e1 la justa causa del amigo pueblo norcoreano.<\/p>\n<p>El presidente del parlamento expres\u00f3 su confianza en que las relaciones entre Siria y Corea continuar\u00e1n progresando a todos los niveles.<\/p>\n<p>Por su parte, el embajador Myung resalt\u00f3 la importancia de continuar fortaleciendo las relaciones bilaterales, y reiter\u00f3 que su pa\u00eds seguir\u00e1 apoyando a la justa causa de Siria en su enfrentamiento al terrorismo y sus partidarios.<\/p>\n<p>Manifest\u00f3 su confianza en la capacidad del Ej\u00e9rcito sirio de lograr muy pronto la victoria final sobre el terrorismo.<\/p>\n<p><span style=\"color: #0000ff;\">F. Marouf\/ Dr. A. Shaban<\/span><\/p>\n","protected":false},"excerpt":{"rendered":"<p>Damasco, SANA El presidente de la Asamblea del Pueblo, Hamouda Sabbagh, afirm\u00f3 la importancia de fortalecer y desarrollar las relaciones parlamentarias entre Siria y la Rep\u00fablica Popular Democr\u00e1tica de Corea (RPDC), as\u00ed como resalt\u00f3 las enraizadas relaciones entre los dos pa\u00edses y pueblos amigos. Durante su reuni\u00f3n con el embajador de la RPDC en Damasco, &hellip;<\/p>\n","protected":false},"author":1,"featured_media":81225,"comment_status":"closed","ping_status":"closed","sticky":false,"template":"","format":"standard","meta":{"footnotes":""},"categories":[597,476,467,7541],"tags":[11875],"class_list":["post-81224","post","type-post","status-publish","format-standard","has-post-thumbnail","","category-cinta-de-noticias","category-locales","category-siria-y-el-mundo","category-ultimas-noticias","tag-presidente-del-parlamento-se-reune-con-el-embajador-de-corea-del-norte-en-damasco"],"_links":{"self":[{"href":"https:\/\/archive.sana.sy\/es\/index.php?rest_route=\/wp\/v2\/posts\/81224"}],"collection":[{"href":"https:\/\/archive.sana.sy\/es\/index.php?rest_route=\/wp\/v2\/posts"}],"about":[{"href":"https:\/\/archive.sana.sy\/es\/index.php?rest_route=\/wp\/v2\/types\/post"}],"author":[{"embeddable":true,"href":"https:\/\/archive.sana.sy\/es\/index.php?rest_route=\/wp\/v2\/users\/1"}],"replies":[{"embeddable":true,"href":"https:\/\/archive.sana.sy\/es\/index.php?rest_route=%2Fwp%2Fv2%2Fcomments&post=81224"}],"version-history":[{"count":0,"href":"https:\/\/archive.sana.sy\/es\/index.php?rest_route=\/wp\/v2\/posts\/81224\/revisions"}],"wp:featuredmedia":[{"embeddable":true,"href":"https:\/\/archive.sana.sy\/es\/index.php?rest_route=\/wp\/v2\/media\/81225"}],"wp:attachment":[{"href":"https:\/\/archive.sana.sy\/es\/index.php?rest_route=%2Fwp%2Fv2%2Fmedia&parent=81224"}],"wp:term":[{"taxonomy":"category","embeddable":true,"href":"https:\/\/archive.sana.sy\/es\/index.php?rest_route=%2Fwp%2Fv2%2Fcategories&post=81224"},{"taxonomy":"post_tag","embeddable":true,"href":"https:\/\/archive.sana.sy\/es\/index.php?rest_route=%2Fwp%2Fv2%2Ftags&post=81224"}],"curies":[{"name":"wp","href":"https:\/\/api.w.org\/{rel}","templated":true}]}}