{"id":81793,"date":"2018-05-02T18:01:16","date_gmt":"2018-05-02T15:01:16","guid":{"rendered":"https:\/\/www.sana.sy\/es\/?p=81793"},"modified":"2018-05-02T18:01:16","modified_gmt":"2018-05-02T15:01:16","slug":"muere-un-nino-tras-explosion-de-una-mina-abandonada-por-terroristas-de-daesh-en-el-sur-de-la-ciudad-de-hassakeh","status":"publish","type":"post","link":"https:\/\/archive.sana.sy\/es\/?p=81793","title":{"rendered":"Muere un ni\u00f1o tras explosi\u00f3n de una mina abandonada por terroristas de Daesh en el sur de la ciudad de Hassakeh"},"content":{"rendered":"<p><span style=\"color: #800000\">Hassakeh, SANA<\/span><\/p>\n<p>Un ni\u00f1o perdi\u00f3 la vida y siete otros resultaron heridos tras la explosi\u00f3n de una mina abandonada por la organizaci\u00f3n terrorista de Daesh en el sur de la ciudad de Hassakeh.<\/p>\n<p>El reportero de SANA se\u00f1al\u00f3 que una mina colocada por terroristas de Daesh en los extremos del barrio de al Nashwa al Gharbiya en direcci\u00f3n de la ruta Abyad- Yabal Abdel Aziz se explot\u00f3 contra varios ni\u00f1os causando la muerte de uno y heridas a siete otros, algunos de los mismos se encuentran en un estado de salud cr\u00edtico.<\/p>\n<p>Es de se\u00f1alar que los grupos terroristas pretenden minar y colocar explosivos en las entradas de los pueblos y las localidades de donde ser\u00e1n repelidos a manos del Ej\u00e9rcito sirio.<\/p>\n<p>LYNN A.<\/p>\n","protected":false},"excerpt":{"rendered":"<p>Hassakeh, SANA Un ni\u00f1o perdi\u00f3 la vida y siete otros resultaron heridos tras la explosi\u00f3n de una mina abandonada por la organizaci\u00f3n terrorista de Daesh en el sur de la ciudad de Hassakeh. El reportero de SANA se\u00f1al\u00f3 que una mina colocada por terroristas de Daesh en los extremos del barrio de al Nashwa al &hellip;<\/p>\n","protected":false},"author":24,"featured_media":81794,"comment_status":"closed","ping_status":"closed","sticky":false,"template":"","format":"standard","meta":{"footnotes":""},"categories":[597,573,7541],"tags":[],"class_list":["post-81793","post","type-post","status-publish","format-standard","has-post-thumbnail","","category-cinta-de-noticias","category-la-realidad-de-los-acontecimientos-en-siria","category-ultimas-noticias"],"_links":{"self":[{"href":"https:\/\/archive.sana.sy\/es\/index.php?rest_route=\/wp\/v2\/posts\/81793"}],"collection":[{"href":"https:\/\/archive.sana.sy\/es\/index.php?rest_route=\/wp\/v2\/posts"}],"about":[{"href":"https:\/\/archive.sana.sy\/es\/index.php?rest_route=\/wp\/v2\/types\/post"}],"author":[{"embeddable":true,"href":"https:\/\/archive.sana.sy\/es\/index.php?rest_route=\/wp\/v2\/users\/24"}],"replies":[{"embeddable":true,"href":"https:\/\/archive.sana.sy\/es\/index.php?rest_route=%2Fwp%2Fv2%2Fcomments&post=81793"}],"version-history":[{"count":0,"href":"https:\/\/archive.sana.sy\/es\/index.php?rest_route=\/wp\/v2\/posts\/81793\/revisions"}],"wp:featuredmedia":[{"embeddable":true,"href":"https:\/\/archive.sana.sy\/es\/index.php?rest_route=\/wp\/v2\/media\/81794"}],"wp:attachment":[{"href":"https:\/\/archive.sana.sy\/es\/index.php?rest_route=%2Fwp%2Fv2%2Fmedia&parent=81793"}],"wp:term":[{"taxonomy":"category","embeddable":true,"href":"https:\/\/archive.sana.sy\/es\/index.php?rest_route=%2Fwp%2Fv2%2Fcategories&post=81793"},{"taxonomy":"post_tag","embeddable":true,"href":"https:\/\/archive.sana.sy\/es\/index.php?rest_route=%2Fwp%2Fv2%2Ftags&post=81793"}],"curies":[{"name":"wp","href":"https:\/\/api.w.org\/{rel}","templated":true}]}}